{"id":2164,"date":"2023-07-05T17:01:03","date_gmt":"2023-07-05T15:01:03","guid":{"rendered":"https:\/\/www.scrschnaittach.de\/neu2013\/wordpress\/?p=2164"},"modified":"2023-07-05T17:01:04","modified_gmt":"2023-07-05T15:01:04","slug":"challenge-roth-2023-harald-schiffer","status":"publish","type":"post","link":"https:\/\/www.scrschnaittach.de\/neu2013\/wordpress\/?p=2164","title":{"rendered":"Challenge Roth 2023 &#8211; Harald Schiffer"},"content":{"rendered":"\n<p>So dieses Jahr war es wieder so weit.<\/p>\n\n\n\n<p>2. Versuch\u2026diesmal mit deutlich mehr Erfahrung im Schwimmen, Verpflegen und in der Einteilung der Kr\u00e4fte. Dadurch war ich aber auch zwei Jahre \u00e4lter und es waren etwas h\u00f6here Temperaturen.&nbsp;<\/p>\n\n\n\n<p>Ich konnte meine Geschwindigkeit zu 2021 etwas verbessern. Ich war trotz 10 km l\u00e4ngerer Radstrecke nur 7 Minuten l\u00e4nger auf der Strecke.<\/p>\n\n\n\n<p>Meine Gesamtzeit von 10:54 h ergibt sich aus 1:20 h Schwimmen (3,8 km), 5:20 h Radeln (180 km) und 4:03 h Laufen (42,2 km).<\/p>\n\n\n\n<p>Un\u00fcbertrefflich war die Stimmung auf der Strecke, in den Stimmungsnestern und im Ziel.<\/p>\n\n\n\n<p>Ich m\u00f6chte mich hiermit bei allen bedanken die dazu beigetragen haben.<\/p>\n\n\n\n<p>Harald Schiffer<\/p>\n","protected":false},"excerpt":{"rendered":"<p>So dieses Jahr war es wieder so weit. 2. Versuch\u2026diesmal mit deutlich mehr Erfahrung im Schwimmen, Verpflegen und in der Einteilung der Kr\u00e4fte. Dadurch war ich aber auch zwei Jahre \u00e4lter und es waren etwas h\u00f6here Temperaturen.&nbsp; Ich konnte meine Geschwindigkeit zu 2021 etwas verbessern. Ich war trotz 10 km l\u00e4ngerer Radstrecke nur 7 Minuten l\u00e4nger auf der Strecke. Meine Gesamtzeit von 10:54 h ergibt sich aus 1:20 h Schwimmen (3,8 km), 5:20 h Radeln (180 km) und 4:03 h Laufen (42,2 km). Un\u00fcbertrefflich war die Stimmung auf der Strecke, in den Stimmungsnestern und im Ziel. Ich m\u00f6chte mich hiermit bei allen bedanken die dazu beigetragen haben. Harald Schiffer<\/p>\n","protected":false},"author":3,"featured_media":2165,"comment_status":"closed","ping_status":"closed","sticky":false,"template":"","format":"standard","meta":{"footnotes":"","_links_to":"","_links_to_target":""},"categories":[1],"tags":[],"class_list":["post-2164","post","type-post","status-publish","format-standard","has-post-thumbnail","hentry","category-uncategorized"],"yoast_head":"<!-- This site is optimized with the Yoast SEO plugin v27.4 - https:\/\/yoast.com\/product\/yoast-seo-wordpress\/ -->\n<title>Challenge Roth 2023 - Harald Schiffer - SCR-Schnaittach<\/title>\n<meta name=\"robots\" content=\"index, follow, max-snippet:-1, max-image-preview:large, max-video-preview:-1\" \/>\n<link rel=\"canonical\" href=\"https:\/\/www.scrschnaittach.de\/neu2013\/wordpress\/?p=2164\" \/>\n<meta property=\"og:locale\" content=\"de_DE\" \/>\n<meta property=\"og:type\" content=\"article\" \/>\n<meta property=\"og:title\" content=\"Challenge Roth 2023 - Harald Schiffer - SCR-Schnaittach\" \/>\n<meta property=\"og:description\" content=\"So dieses Jahr war es wieder so weit. 2. Versuch\u2026diesmal mit deutlich mehr Erfahrung im Schwimmen, Verpflegen und in der Einteilung der Kr\u00e4fte. Dadurch war ich aber auch zwei Jahre \u00e4lter und es waren etwas h\u00f6here Temperaturen.&nbsp; Ich konnte meine Geschwindigkeit zu 2021 etwas verbessern. Ich war trotz 10 km l\u00e4ngerer Radstrecke nur 7 Minuten l\u00e4nger auf der Strecke. Meine Gesamtzeit von 10:54 h ergibt sich aus 1:20 h Schwimmen (3,8 km), 5:20 h Radeln (180 km) und 4:03 h Laufen (42,2 km). Un\u00fcbertrefflich war die Stimmung auf der Strecke, in den Stimmungsnestern und im Ziel. Ich m\u00f6chte mich hiermit bei allen bedanken die dazu beigetragen haben. Harald Schiffer\" \/>\n<meta property=\"og:url\" content=\"https:\/\/www.scrschnaittach.de\/neu2013\/wordpress\/?p=2164\" \/>\n<meta property=\"og:site_name\" content=\"SCR-Schnaittach\" \/>\n<meta property=\"article:publisher\" content=\"https:\/\/www.facebook.com\/SCRSchnaittach\" \/>\n<meta property=\"article:published_time\" content=\"2023-07-05T15:01:03+00:00\" \/>\n<meta property=\"article:modified_time\" content=\"2023-07-05T15:01:04+00:00\" \/>\n<meta property=\"og:image\" content=\"https:\/\/www.scrschnaittach.de\/neu2013\/wordpress\/wp-content\/uploads\/2023\/07\/Schiffer_Roth.jpg\" \/>\n\t<meta property=\"og:image:width\" content=\"1108\" \/>\n\t<meta property=\"og:image:height\" content=\"1440\" \/>\n\t<meta property=\"og:image:type\" content=\"image\/jpeg\" \/>\n<meta name=\"author\" content=\"Matthias M\u00e4nnl\" \/>\n<meta name=\"twitter:card\" content=\"summary_large_image\" \/>\n<meta name=\"twitter:label1\" content=\"Verfasst von\" \/>\n\t<meta name=\"twitter:data1\" content=\"Matthias M\u00e4nnl\" \/>\n\t<meta name=\"twitter:label2\" content=\"Gesch\u00e4tzte Lesezeit\" \/>\n\t<meta name=\"twitter:data2\" content=\"1\u00a0Minute\" \/>\n<script type=\"application\/ld+json\" class=\"yoast-schema-graph\">{\"@context\":\"https:\\\/\\\/schema.org\",\"@graph\":[{\"@type\":\"Article\",\"@id\":\"https:\\\/\\\/www.scrschnaittach.de\\\/neu2013\\\/wordpress\\\/?p=2164#article\",\"isPartOf\":{\"@id\":\"https:\\\/\\\/www.scrschnaittach.de\\\/neu2013\\\/wordpress\\\/?p=2164\"},\"author\":{\"name\":\"Matthias M\u00e4nnl\",\"@id\":\"https:\\\/\\\/www.scrschnaittach.de\\\/neu2013\\\/wordpress\\\/#\\\/schema\\\/person\\\/bb1da523c1597ecb6fa47934fcd2bc7d\"},\"headline\":\"Challenge Roth 2023 &#8211; Harald Schiffer\",\"datePublished\":\"2023-07-05T15:01:03+00:00\",\"dateModified\":\"2023-07-05T15:01:04+00:00\",\"mainEntityOfPage\":{\"@id\":\"https:\\\/\\\/www.scrschnaittach.de\\\/neu2013\\\/wordpress\\\/?p=2164\"},\"wordCount\":111,\"publisher\":{\"@id\":\"https:\\\/\\\/www.scrschnaittach.de\\\/neu2013\\\/wordpress\\\/#organization\"},\"image\":{\"@id\":\"https:\\\/\\\/www.scrschnaittach.de\\\/neu2013\\\/wordpress\\\/?p=2164#primaryimage\"},\"thumbnailUrl\":\"https:\\\/\\\/www.scrschnaittach.de\\\/neu2013\\\/wordpress\\\/wp-content\\\/uploads\\\/2023\\\/07\\\/Schiffer_Roth.jpg\",\"articleSection\":[\"ohne Kategorie\"],\"inLanguage\":\"de\"},{\"@type\":\"WebPage\",\"@id\":\"https:\\\/\\\/www.scrschnaittach.de\\\/neu2013\\\/wordpress\\\/?p=2164\",\"url\":\"https:\\\/\\\/www.scrschnaittach.de\\\/neu2013\\\/wordpress\\\/?p=2164\",\"name\":\"Challenge Roth 2023 - Harald Schiffer - SCR-Schnaittach\",\"isPartOf\":{\"@id\":\"https:\\\/\\\/www.scrschnaittach.de\\\/neu2013\\\/wordpress\\\/#website\"},\"primaryImageOfPage\":{\"@id\":\"https:\\\/\\\/www.scrschnaittach.de\\\/neu2013\\\/wordpress\\\/?p=2164#primaryimage\"},\"image\":{\"@id\":\"https:\\\/\\\/www.scrschnaittach.de\\\/neu2013\\\/wordpress\\\/?p=2164#primaryimage\"},\"thumbnailUrl\":\"https:\\\/\\\/www.scrschnaittach.de\\\/neu2013\\\/wordpress\\\/wp-content\\\/uploads\\\/2023\\\/07\\\/Schiffer_Roth.jpg\",\"datePublished\":\"2023-07-05T15:01:03+00:00\",\"dateModified\":\"2023-07-05T15:01:04+00:00\",\"breadcrumb\":{\"@id\":\"https:\\\/\\\/www.scrschnaittach.de\\\/neu2013\\\/wordpress\\\/?p=2164#breadcrumb\"},\"inLanguage\":\"de\",\"potentialAction\":[{\"@type\":\"ReadAction\",\"target\":[\"https:\\\/\\\/www.scrschnaittach.de\\\/neu2013\\\/wordpress\\\/?p=2164\"]}]},{\"@type\":\"ImageObject\",\"inLanguage\":\"de\",\"@id\":\"https:\\\/\\\/www.scrschnaittach.de\\\/neu2013\\\/wordpress\\\/?p=2164#primaryimage\",\"url\":\"https:\\\/\\\/www.scrschnaittach.de\\\/neu2013\\\/wordpress\\\/wp-content\\\/uploads\\\/2023\\\/07\\\/Schiffer_Roth.jpg\",\"contentUrl\":\"https:\\\/\\\/www.scrschnaittach.de\\\/neu2013\\\/wordpress\\\/wp-content\\\/uploads\\\/2023\\\/07\\\/Schiffer_Roth.jpg\",\"width\":1108,\"height\":1440},{\"@type\":\"BreadcrumbList\",\"@id\":\"https:\\\/\\\/www.scrschnaittach.de\\\/neu2013\\\/wordpress\\\/?p=2164#breadcrumb\",\"itemListElement\":[{\"@type\":\"ListItem\",\"position\":1,\"name\":\"Startseite\",\"item\":\"https:\\\/\\\/www.scrschnaittach.de\\\/neu2013\\\/wordpress\\\/\"},{\"@type\":\"ListItem\",\"position\":2,\"name\":\"Challenge Roth 2023 &#8211; Harald Schiffer\"}]},{\"@type\":\"WebSite\",\"@id\":\"https:\\\/\\\/www.scrschnaittach.de\\\/neu2013\\\/wordpress\\\/#website\",\"url\":\"https:\\\/\\\/www.scrschnaittach.de\\\/neu2013\\\/wordpress\\\/\",\"name\":\"SCR-Schnaittach\",\"description\":\"Skiing - Cycling - Running\",\"publisher\":{\"@id\":\"https:\\\/\\\/www.scrschnaittach.de\\\/neu2013\\\/wordpress\\\/#organization\"},\"potentialAction\":[{\"@type\":\"SearchAction\",\"target\":{\"@type\":\"EntryPoint\",\"urlTemplate\":\"https:\\\/\\\/www.scrschnaittach.de\\\/neu2013\\\/wordpress\\\/?s={search_term_string}\"},\"query-input\":{\"@type\":\"PropertyValueSpecification\",\"valueRequired\":true,\"valueName\":\"search_term_string\"}}],\"inLanguage\":\"de\"},{\"@type\":\"Organization\",\"@id\":\"https:\\\/\\\/www.scrschnaittach.de\\\/neu2013\\\/wordpress\\\/#organization\",\"name\":\"SCR-Schnaittach\",\"url\":\"https:\\\/\\\/www.scrschnaittach.de\\\/neu2013\\\/wordpress\\\/\",\"logo\":{\"@type\":\"ImageObject\",\"inLanguage\":\"de\",\"@id\":\"https:\\\/\\\/www.scrschnaittach.de\\\/neu2013\\\/wordpress\\\/#\\\/schema\\\/logo\\\/image\\\/\",\"url\":\"https:\\\/\\\/www.scrschnaittach.de\\\/neu2013\\\/wordpress\\\/wp-content\\\/uploads\\\/2022\\\/12\\\/scrlogo.png\",\"contentUrl\":\"https:\\\/\\\/www.scrschnaittach.de\\\/neu2013\\\/wordpress\\\/wp-content\\\/uploads\\\/2022\\\/12\\\/scrlogo.png\",\"width\":77,\"height\":90,\"caption\":\"SCR-Schnaittach\"},\"image\":{\"@id\":\"https:\\\/\\\/www.scrschnaittach.de\\\/neu2013\\\/wordpress\\\/#\\\/schema\\\/logo\\\/image\\\/\"},\"sameAs\":[\"https:\\\/\\\/www.facebook.com\\\/SCRSchnaittach\"]},{\"@type\":\"Person\",\"@id\":\"https:\\\/\\\/www.scrschnaittach.de\\\/neu2013\\\/wordpress\\\/#\\\/schema\\\/person\\\/bb1da523c1597ecb6fa47934fcd2bc7d\",\"name\":\"Matthias M\u00e4nnl\",\"image\":{\"@type\":\"ImageObject\",\"inLanguage\":\"de\",\"@id\":\"https:\\\/\\\/secure.gravatar.com\\\/avatar\\\/da2104f30564915d027465fa9b696aa8571a47512bd9dd57087af0d720bbd9b1?s=96&d=mm&r=g\",\"url\":\"https:\\\/\\\/secure.gravatar.com\\\/avatar\\\/da2104f30564915d027465fa9b696aa8571a47512bd9dd57087af0d720bbd9b1?s=96&d=mm&r=g\",\"contentUrl\":\"https:\\\/\\\/secure.gravatar.com\\\/avatar\\\/da2104f30564915d027465fa9b696aa8571a47512bd9dd57087af0d720bbd9b1?s=96&d=mm&r=g\",\"caption\":\"Matthias M\u00e4nnl\"},\"url\":\"https:\\\/\\\/www.scrschnaittach.de\\\/neu2013\\\/wordpress\\\/?author=3\"}]}<\/script>\n<!-- \/ Yoast SEO plugin. -->","yoast_head_json":{"title":"Challenge Roth 2023 - Harald Schiffer - SCR-Schnaittach","robots":{"index":"index","follow":"follow","max-snippet":"max-snippet:-1","max-image-preview":"max-image-preview:large","max-video-preview":"max-video-preview:-1"},"canonical":"https:\/\/www.scrschnaittach.de\/neu2013\/wordpress\/?p=2164","og_locale":"de_DE","og_type":"article","og_title":"Challenge Roth 2023 - Harald Schiffer - SCR-Schnaittach","og_description":"So dieses Jahr war es wieder so weit. 2. Versuch\u2026diesmal mit deutlich mehr Erfahrung im Schwimmen, Verpflegen und in der Einteilung der Kr\u00e4fte. Dadurch war ich aber auch zwei Jahre \u00e4lter und es waren etwas h\u00f6here Temperaturen.&nbsp; Ich konnte meine Geschwindigkeit zu 2021 etwas verbessern. Ich war trotz 10 km l\u00e4ngerer Radstrecke nur 7 Minuten l\u00e4nger auf der Strecke. Meine Gesamtzeit von 10:54 h ergibt sich aus 1:20 h Schwimmen (3,8 km), 5:20 h Radeln (180 km) und 4:03 h Laufen (42,2 km). Un\u00fcbertrefflich war die Stimmung auf der Strecke, in den Stimmungsnestern und im Ziel. Ich m\u00f6chte mich hiermit bei allen bedanken die dazu beigetragen haben. Harald Schiffer","og_url":"https:\/\/www.scrschnaittach.de\/neu2013\/wordpress\/?p=2164","og_site_name":"SCR-Schnaittach","article_publisher":"https:\/\/www.facebook.com\/SCRSchnaittach","article_published_time":"2023-07-05T15:01:03+00:00","article_modified_time":"2023-07-05T15:01:04+00:00","og_image":[{"width":1108,"height":1440,"url":"https:\/\/www.scrschnaittach.de\/neu2013\/wordpress\/wp-content\/uploads\/2023\/07\/Schiffer_Roth.jpg","type":"image\/jpeg"}],"author":"Matthias M\u00e4nnl","twitter_card":"summary_large_image","twitter_misc":{"Verfasst von":"Matthias M\u00e4nnl","Gesch\u00e4tzte Lesezeit":"1\u00a0Minute"},"schema":{"@context":"https:\/\/schema.org","@graph":[{"@type":"Article","@id":"https:\/\/www.scrschnaittach.de\/neu2013\/wordpress\/?p=2164#article","isPartOf":{"@id":"https:\/\/www.scrschnaittach.de\/neu2013\/wordpress\/?p=2164"},"author":{"name":"Matthias M\u00e4nnl","@id":"https:\/\/www.scrschnaittach.de\/neu2013\/wordpress\/#\/schema\/person\/bb1da523c1597ecb6fa47934fcd2bc7d"},"headline":"Challenge Roth 2023 &#8211; Harald Schiffer","datePublished":"2023-07-05T15:01:03+00:00","dateModified":"2023-07-05T15:01:04+00:00","mainEntityOfPage":{"@id":"https:\/\/www.scrschnaittach.de\/neu2013\/wordpress\/?p=2164"},"wordCount":111,"publisher":{"@id":"https:\/\/www.scrschnaittach.de\/neu2013\/wordpress\/#organization"},"image":{"@id":"https:\/\/www.scrschnaittach.de\/neu2013\/wordpress\/?p=2164#primaryimage"},"thumbnailUrl":"https:\/\/www.scrschnaittach.de\/neu2013\/wordpress\/wp-content\/uploads\/2023\/07\/Schiffer_Roth.jpg","articleSection":["ohne Kategorie"],"inLanguage":"de"},{"@type":"WebPage","@id":"https:\/\/www.scrschnaittach.de\/neu2013\/wordpress\/?p=2164","url":"https:\/\/www.scrschnaittach.de\/neu2013\/wordpress\/?p=2164","name":"Challenge Roth 2023 - Harald Schiffer - SCR-Schnaittach","isPartOf":{"@id":"https:\/\/www.scrschnaittach.de\/neu2013\/wordpress\/#website"},"primaryImageOfPage":{"@id":"https:\/\/www.scrschnaittach.de\/neu2013\/wordpress\/?p=2164#primaryimage"},"image":{"@id":"https:\/\/www.scrschnaittach.de\/neu2013\/wordpress\/?p=2164#primaryimage"},"thumbnailUrl":"https:\/\/www.scrschnaittach.de\/neu2013\/wordpress\/wp-content\/uploads\/2023\/07\/Schiffer_Roth.jpg","datePublished":"2023-07-05T15:01:03+00:00","dateModified":"2023-07-05T15:01:04+00:00","breadcrumb":{"@id":"https:\/\/www.scrschnaittach.de\/neu2013\/wordpress\/?p=2164#breadcrumb"},"inLanguage":"de","potentialAction":[{"@type":"ReadAction","target":["https:\/\/www.scrschnaittach.de\/neu2013\/wordpress\/?p=2164"]}]},{"@type":"ImageObject","inLanguage":"de","@id":"https:\/\/www.scrschnaittach.de\/neu2013\/wordpress\/?p=2164#primaryimage","url":"https:\/\/www.scrschnaittach.de\/neu2013\/wordpress\/wp-content\/uploads\/2023\/07\/Schiffer_Roth.jpg","contentUrl":"https:\/\/www.scrschnaittach.de\/neu2013\/wordpress\/wp-content\/uploads\/2023\/07\/Schiffer_Roth.jpg","width":1108,"height":1440},{"@type":"BreadcrumbList","@id":"https:\/\/www.scrschnaittach.de\/neu2013\/wordpress\/?p=2164#breadcrumb","itemListElement":[{"@type":"ListItem","position":1,"name":"Startseite","item":"https:\/\/www.scrschnaittach.de\/neu2013\/wordpress\/"},{"@type":"ListItem","position":2,"name":"Challenge Roth 2023 &#8211; Harald Schiffer"}]},{"@type":"WebSite","@id":"https:\/\/www.scrschnaittach.de\/neu2013\/wordpress\/#website","url":"https:\/\/www.scrschnaittach.de\/neu2013\/wordpress\/","name":"SCR-Schnaittach","description":"Skiing - Cycling - Running","publisher":{"@id":"https:\/\/www.scrschnaittach.de\/neu2013\/wordpress\/#organization"},"potentialAction":[{"@type":"SearchAction","target":{"@type":"EntryPoint","urlTemplate":"https:\/\/www.scrschnaittach.de\/neu2013\/wordpress\/?s={search_term_string}"},"query-input":{"@type":"PropertyValueSpecification","valueRequired":true,"valueName":"search_term_string"}}],"inLanguage":"de"},{"@type":"Organization","@id":"https:\/\/www.scrschnaittach.de\/neu2013\/wordpress\/#organization","name":"SCR-Schnaittach","url":"https:\/\/www.scrschnaittach.de\/neu2013\/wordpress\/","logo":{"@type":"ImageObject","inLanguage":"de","@id":"https:\/\/www.scrschnaittach.de\/neu2013\/wordpress\/#\/schema\/logo\/image\/","url":"https:\/\/www.scrschnaittach.de\/neu2013\/wordpress\/wp-content\/uploads\/2022\/12\/scrlogo.png","contentUrl":"https:\/\/www.scrschnaittach.de\/neu2013\/wordpress\/wp-content\/uploads\/2022\/12\/scrlogo.png","width":77,"height":90,"caption":"SCR-Schnaittach"},"image":{"@id":"https:\/\/www.scrschnaittach.de\/neu2013\/wordpress\/#\/schema\/logo\/image\/"},"sameAs":["https:\/\/www.facebook.com\/SCRSchnaittach"]},{"@type":"Person","@id":"https:\/\/www.scrschnaittach.de\/neu2013\/wordpress\/#\/schema\/person\/bb1da523c1597ecb6fa47934fcd2bc7d","name":"Matthias M\u00e4nnl","image":{"@type":"ImageObject","inLanguage":"de","@id":"https:\/\/secure.gravatar.com\/avatar\/da2104f30564915d027465fa9b696aa8571a47512bd9dd57087af0d720bbd9b1?s=96&d=mm&r=g","url":"https:\/\/secure.gravatar.com\/avatar\/da2104f30564915d027465fa9b696aa8571a47512bd9dd57087af0d720bbd9b1?s=96&d=mm&r=g","contentUrl":"https:\/\/secure.gravatar.com\/avatar\/da2104f30564915d027465fa9b696aa8571a47512bd9dd57087af0d720bbd9b1?s=96&d=mm&r=g","caption":"Matthias M\u00e4nnl"},"url":"https:\/\/www.scrschnaittach.de\/neu2013\/wordpress\/?author=3"}]}},"_links":{"self":[{"href":"https:\/\/www.scrschnaittach.de\/neu2013\/wordpress\/index.php?rest_route=\/wp\/v2\/posts\/2164","targetHints":{"allow":["GET"]}}],"collection":[{"href":"https:\/\/www.scrschnaittach.de\/neu2013\/wordpress\/index.php?rest_route=\/wp\/v2\/posts"}],"about":[{"href":"https:\/\/www.scrschnaittach.de\/neu2013\/wordpress\/index.php?rest_route=\/wp\/v2\/types\/post"}],"author":[{"embeddable":true,"href":"https:\/\/www.scrschnaittach.de\/neu2013\/wordpress\/index.php?rest_route=\/wp\/v2\/users\/3"}],"replies":[{"embeddable":true,"href":"https:\/\/www.scrschnaittach.de\/neu2013\/wordpress\/index.php?rest_route=%2Fwp%2Fv2%2Fcomments&post=2164"}],"version-history":[{"count":3,"href":"https:\/\/www.scrschnaittach.de\/neu2013\/wordpress\/index.php?rest_route=\/wp\/v2\/posts\/2164\/revisions"}],"predecessor-version":[{"id":2168,"href":"https:\/\/www.scrschnaittach.de\/neu2013\/wordpress\/index.php?rest_route=\/wp\/v2\/posts\/2164\/revisions\/2168"}],"wp:featuredmedia":[{"embeddable":true,"href":"https:\/\/www.scrschnaittach.de\/neu2013\/wordpress\/index.php?rest_route=\/wp\/v2\/media\/2165"}],"wp:attachment":[{"href":"https:\/\/www.scrschnaittach.de\/neu2013\/wordpress\/index.php?rest_route=%2Fwp%2Fv2%2Fmedia&parent=2164"}],"wp:term":[{"taxonomy":"category","embeddable":true,"href":"https:\/\/www.scrschnaittach.de\/neu2013\/wordpress\/index.php?rest_route=%2Fwp%2Fv2%2Fcategories&post=2164"},{"taxonomy":"post_tag","embeddable":true,"href":"https:\/\/www.scrschnaittach.de\/neu2013\/wordpress\/index.php?rest_route=%2Fwp%2Fv2%2Ftags&post=2164"}],"curies":[{"name":"wp","href":"https:\/\/api.w.org\/{rel}","templated":true}]}}