{"id":2025,"date":"2023-05-26T11:49:51","date_gmt":"2023-05-26T09:49:51","guid":{"rendered":"https:\/\/www.scrschnaittach.de\/neu2013\/wordpress\/?p=2025"},"modified":"2023-05-26T11:49:51","modified_gmt":"2023-05-26T09:49:51","slug":"selbstverteidigungskurs-fuer-frauen-am-24-06-2023","status":"publish","type":"post","link":"https:\/\/www.scrschnaittach.de\/neu2013\/wordpress\/?p=2025","title":{"rendered":"Selbstverteidigungskurs f\u00fcr Frauen am 24.06.2023"},"content":{"rendered":"\n<p><\/p>\n\n\n\n<p>Wir freuen uns Euch einen Kurs f\u00fcr Frauenselbstverteidigung anzubieten.<br>Erlernt hier, wie Ihr Euch in brenzligen Situationen verteidigen k\u00f6nnt!<br>Ihr lernt &#8211; rechtliche Grundlagen der Selbstverteidigung,<\/p>\n\n\n\n<ul class=\"wp-block-list\">\n<li>das Erkennen von Bedrohungen, bevor sie entstehen,<\/li>\n\n\n\n<li>schnell und leicht erlernbare Schlag- und Abwehrtechniken,<\/li>\n\n\n\n<li>wie Ihr Eure Hemmungen beim Zuschlagen \u00fcberwindet,<\/li>\n\n\n\n<li>das professionelle Einsetzen von Schlagtechniken,<\/li>\n\n\n\n<li>die Verwendung allt\u00e4glicher Gebrauchsmittel zur Verteidigung<\/li>\n\n\n\n<li>Erl\u00e4uterungen der Gefahren von hemmungsl\u00f6senden bzw.<br>bet\u00e4ubenden Rauschmitteln,<\/li>\n\n\n\n<li>Vorgehensweisen potentieller T\u00e4ter kennen. Bitte in lockerer<br>Sportbekleidung kommen.<\/li>\n<\/ul>\n\n\n\n<p>Der Kurs ist auf 25 Teilnehmerinnen begrenzt und ab 16 Jahren.<br>Hier die Eckdaten:<\/p>\n\n\n\n<p>Kurstag: Samstag den 24. Juni 2023<\/p>\n\n\n\n<p>Ablauf:<br>8.30 Treffpunkt im Badsaal<br>9:00 Uhr bis 12:00 Uhr Theorie im Badsaal<br>12:00 Uhr bis 12:45 Uhr Mittagspause<br>12:45 Uhr bis 16:00 Uhr praktischer Teil in der Turnhalle der Grundschule<br>Preis: 45,00\u20ac f\u00fcr Mitglieder, 70 \u20ac f\u00fcr Nicht-Mitglieder inkl. Getr\u00e4nke und Mittagessen<\/p>\n\n\n\n<p>Anmeldungen bitte mit Vor- und Nachnamen an:<br>s.heckel@scrschnaittach.de<\/p>\n\n\n\n<p>Sportliche Gr\u00fc\u00dfe<br>Eure Vorstandschaft<\/p>\n","protected":false},"excerpt":{"rendered":"<p>Wir freuen uns Euch einen Kurs f\u00fcr Frauenselbstverteidigung anzubieten.Erlernt hier, wie Ihr Euch in brenzligen Situationen verteidigen k\u00f6nnt!Ihr lernt &#8211; rechtliche Grundlagen der Selbstverteidigung, Der Kurs ist auf 25 Teilnehmerinnen begrenzt und ab 16 Jahren.Hier die Eckdaten: Kurstag: Samstag den 24. Juni 2023 Ablauf:8.30 Treffpunkt im Badsaal9:00 Uhr bis 12:00 Uhr Theorie im Badsaal12:00 Uhr bis 12:45 Uhr Mittagspause12:45 Uhr bis 16:00 Uhr praktischer Teil in der Turnhalle der GrundschulePreis: 45,00\u20ac f\u00fcr Mitglieder, 70 \u20ac f\u00fcr Nicht-Mitglieder inkl. Getr\u00e4nke und Mittagessen Anmeldungen bitte mit Vor- und Nachnamen an:s.heckel@scrschnaittach.de Sportliche Gr\u00fc\u00dfeEure Vorstandschaft<\/p>\n","protected":false},"author":3,"featured_media":0,"comment_status":"closed","ping_status":"closed","sticky":false,"template":"","format":"standard","meta":{"footnotes":"","_links_to":"","_links_to_target":""},"categories":[1],"tags":[],"class_list":["post-2025","post","type-post","status-publish","format-standard","hentry","category-uncategorized"],"yoast_head":"<!-- This site is optimized with the Yoast SEO plugin v27.4 - https:\/\/yoast.com\/product\/yoast-seo-wordpress\/ -->\n<title>Selbstverteidigungskurs f\u00fcr Frauen am 24.06.2023 - SCR-Schnaittach<\/title>\n<meta name=\"robots\" content=\"index, follow, max-snippet:-1, max-image-preview:large, max-video-preview:-1\" \/>\n<link rel=\"canonical\" href=\"https:\/\/www.scrschnaittach.de\/neu2013\/wordpress\/?p=2025\" \/>\n<meta property=\"og:locale\" content=\"de_DE\" \/>\n<meta property=\"og:type\" content=\"article\" \/>\n<meta property=\"og:title\" content=\"Selbstverteidigungskurs f\u00fcr Frauen am 24.06.2023 - SCR-Schnaittach\" \/>\n<meta property=\"og:description\" content=\"Wir freuen uns Euch einen Kurs f\u00fcr Frauenselbstverteidigung anzubieten.Erlernt hier, wie Ihr Euch in brenzligen Situationen verteidigen k\u00f6nnt!Ihr lernt &#8211; rechtliche Grundlagen der Selbstverteidigung, Der Kurs ist auf 25 Teilnehmerinnen begrenzt und ab 16 Jahren.Hier die Eckdaten: Kurstag: Samstag den 24. Juni 2023 Ablauf:8.30 Treffpunkt im Badsaal9:00 Uhr bis 12:00 Uhr Theorie im Badsaal12:00 Uhr bis 12:45 Uhr Mittagspause12:45 Uhr bis 16:00 Uhr praktischer Teil in der Turnhalle der GrundschulePreis: 45,00\u20ac f\u00fcr Mitglieder, 70 \u20ac f\u00fcr Nicht-Mitglieder inkl. Getr\u00e4nke und Mittagessen Anmeldungen bitte mit Vor- und Nachnamen an:s.heckel@scrschnaittach.de Sportliche Gr\u00fc\u00dfeEure Vorstandschaft\" \/>\n<meta property=\"og:url\" content=\"https:\/\/www.scrschnaittach.de\/neu2013\/wordpress\/?p=2025\" \/>\n<meta property=\"og:site_name\" content=\"SCR-Schnaittach\" \/>\n<meta property=\"article:publisher\" content=\"https:\/\/www.facebook.com\/SCRSchnaittach\" \/>\n<meta property=\"article:published_time\" content=\"2023-05-26T09:49:51+00:00\" \/>\n<meta name=\"author\" content=\"Matthias M\u00e4nnl\" \/>\n<meta name=\"twitter:card\" content=\"summary_large_image\" \/>\n<meta name=\"twitter:label1\" content=\"Verfasst von\" \/>\n\t<meta name=\"twitter:data1\" content=\"Matthias M\u00e4nnl\" \/>\n\t<meta name=\"twitter:label2\" content=\"Gesch\u00e4tzte Lesezeit\" \/>\n\t<meta name=\"twitter:data2\" content=\"1\u00a0Minute\" \/>\n<script type=\"application\/ld+json\" class=\"yoast-schema-graph\">{\"@context\":\"https:\\\/\\\/schema.org\",\"@graph\":[{\"@type\":\"Article\",\"@id\":\"https:\\\/\\\/www.scrschnaittach.de\\\/neu2013\\\/wordpress\\\/?p=2025#article\",\"isPartOf\":{\"@id\":\"https:\\\/\\\/www.scrschnaittach.de\\\/neu2013\\\/wordpress\\\/?p=2025\"},\"author\":{\"name\":\"Matthias M\u00e4nnl\",\"@id\":\"https:\\\/\\\/www.scrschnaittach.de\\\/neu2013\\\/wordpress\\\/#\\\/schema\\\/person\\\/bb1da523c1597ecb6fa47934fcd2bc7d\"},\"headline\":\"Selbstverteidigungskurs f\u00fcr Frauen am 24.06.2023\",\"datePublished\":\"2023-05-26T09:49:51+00:00\",\"mainEntityOfPage\":{\"@id\":\"https:\\\/\\\/www.scrschnaittach.de\\\/neu2013\\\/wordpress\\\/?p=2025\"},\"wordCount\":152,\"publisher\":{\"@id\":\"https:\\\/\\\/www.scrschnaittach.de\\\/neu2013\\\/wordpress\\\/#organization\"},\"articleSection\":[\"ohne Kategorie\"],\"inLanguage\":\"de\"},{\"@type\":\"WebPage\",\"@id\":\"https:\\\/\\\/www.scrschnaittach.de\\\/neu2013\\\/wordpress\\\/?p=2025\",\"url\":\"https:\\\/\\\/www.scrschnaittach.de\\\/neu2013\\\/wordpress\\\/?p=2025\",\"name\":\"Selbstverteidigungskurs f\u00fcr Frauen am 24.06.2023 - SCR-Schnaittach\",\"isPartOf\":{\"@id\":\"https:\\\/\\\/www.scrschnaittach.de\\\/neu2013\\\/wordpress\\\/#website\"},\"datePublished\":\"2023-05-26T09:49:51+00:00\",\"breadcrumb\":{\"@id\":\"https:\\\/\\\/www.scrschnaittach.de\\\/neu2013\\\/wordpress\\\/?p=2025#breadcrumb\"},\"inLanguage\":\"de\",\"potentialAction\":[{\"@type\":\"ReadAction\",\"target\":[\"https:\\\/\\\/www.scrschnaittach.de\\\/neu2013\\\/wordpress\\\/?p=2025\"]}]},{\"@type\":\"BreadcrumbList\",\"@id\":\"https:\\\/\\\/www.scrschnaittach.de\\\/neu2013\\\/wordpress\\\/?p=2025#breadcrumb\",\"itemListElement\":[{\"@type\":\"ListItem\",\"position\":1,\"name\":\"Startseite\",\"item\":\"https:\\\/\\\/www.scrschnaittach.de\\\/neu2013\\\/wordpress\\\/\"},{\"@type\":\"ListItem\",\"position\":2,\"name\":\"Selbstverteidigungskurs f\u00fcr Frauen am 24.06.2023\"}]},{\"@type\":\"WebSite\",\"@id\":\"https:\\\/\\\/www.scrschnaittach.de\\\/neu2013\\\/wordpress\\\/#website\",\"url\":\"https:\\\/\\\/www.scrschnaittach.de\\\/neu2013\\\/wordpress\\\/\",\"name\":\"SCR-Schnaittach\",\"description\":\"Skiing - Cycling - Running\",\"publisher\":{\"@id\":\"https:\\\/\\\/www.scrschnaittach.de\\\/neu2013\\\/wordpress\\\/#organization\"},\"potentialAction\":[{\"@type\":\"SearchAction\",\"target\":{\"@type\":\"EntryPoint\",\"urlTemplate\":\"https:\\\/\\\/www.scrschnaittach.de\\\/neu2013\\\/wordpress\\\/?s={search_term_string}\"},\"query-input\":{\"@type\":\"PropertyValueSpecification\",\"valueRequired\":true,\"valueName\":\"search_term_string\"}}],\"inLanguage\":\"de\"},{\"@type\":\"Organization\",\"@id\":\"https:\\\/\\\/www.scrschnaittach.de\\\/neu2013\\\/wordpress\\\/#organization\",\"name\":\"SCR-Schnaittach\",\"url\":\"https:\\\/\\\/www.scrschnaittach.de\\\/neu2013\\\/wordpress\\\/\",\"logo\":{\"@type\":\"ImageObject\",\"inLanguage\":\"de\",\"@id\":\"https:\\\/\\\/www.scrschnaittach.de\\\/neu2013\\\/wordpress\\\/#\\\/schema\\\/logo\\\/image\\\/\",\"url\":\"https:\\\/\\\/www.scrschnaittach.de\\\/neu2013\\\/wordpress\\\/wp-content\\\/uploads\\\/2022\\\/12\\\/scrlogo.png\",\"contentUrl\":\"https:\\\/\\\/www.scrschnaittach.de\\\/neu2013\\\/wordpress\\\/wp-content\\\/uploads\\\/2022\\\/12\\\/scrlogo.png\",\"width\":77,\"height\":90,\"caption\":\"SCR-Schnaittach\"},\"image\":{\"@id\":\"https:\\\/\\\/www.scrschnaittach.de\\\/neu2013\\\/wordpress\\\/#\\\/schema\\\/logo\\\/image\\\/\"},\"sameAs\":[\"https:\\\/\\\/www.facebook.com\\\/SCRSchnaittach\"]},{\"@type\":\"Person\",\"@id\":\"https:\\\/\\\/www.scrschnaittach.de\\\/neu2013\\\/wordpress\\\/#\\\/schema\\\/person\\\/bb1da523c1597ecb6fa47934fcd2bc7d\",\"name\":\"Matthias M\u00e4nnl\",\"image\":{\"@type\":\"ImageObject\",\"inLanguage\":\"de\",\"@id\":\"https:\\\/\\\/secure.gravatar.com\\\/avatar\\\/da2104f30564915d027465fa9b696aa8571a47512bd9dd57087af0d720bbd9b1?s=96&d=mm&r=g\",\"url\":\"https:\\\/\\\/secure.gravatar.com\\\/avatar\\\/da2104f30564915d027465fa9b696aa8571a47512bd9dd57087af0d720bbd9b1?s=96&d=mm&r=g\",\"contentUrl\":\"https:\\\/\\\/secure.gravatar.com\\\/avatar\\\/da2104f30564915d027465fa9b696aa8571a47512bd9dd57087af0d720bbd9b1?s=96&d=mm&r=g\",\"caption\":\"Matthias M\u00e4nnl\"},\"url\":\"https:\\\/\\\/www.scrschnaittach.de\\\/neu2013\\\/wordpress\\\/?author=3\"}]}<\/script>\n<!-- \/ Yoast SEO plugin. -->","yoast_head_json":{"title":"Selbstverteidigungskurs f\u00fcr Frauen am 24.06.2023 - SCR-Schnaittach","robots":{"index":"index","follow":"follow","max-snippet":"max-snippet:-1","max-image-preview":"max-image-preview:large","max-video-preview":"max-video-preview:-1"},"canonical":"https:\/\/www.scrschnaittach.de\/neu2013\/wordpress\/?p=2025","og_locale":"de_DE","og_type":"article","og_title":"Selbstverteidigungskurs f\u00fcr Frauen am 24.06.2023 - SCR-Schnaittach","og_description":"Wir freuen uns Euch einen Kurs f\u00fcr Frauenselbstverteidigung anzubieten.Erlernt hier, wie Ihr Euch in brenzligen Situationen verteidigen k\u00f6nnt!Ihr lernt &#8211; rechtliche Grundlagen der Selbstverteidigung, Der Kurs ist auf 25 Teilnehmerinnen begrenzt und ab 16 Jahren.Hier die Eckdaten: Kurstag: Samstag den 24. Juni 2023 Ablauf:8.30 Treffpunkt im Badsaal9:00 Uhr bis 12:00 Uhr Theorie im Badsaal12:00 Uhr bis 12:45 Uhr Mittagspause12:45 Uhr bis 16:00 Uhr praktischer Teil in der Turnhalle der GrundschulePreis: 45,00\u20ac f\u00fcr Mitglieder, 70 \u20ac f\u00fcr Nicht-Mitglieder inkl. Getr\u00e4nke und Mittagessen Anmeldungen bitte mit Vor- und Nachnamen an:s.heckel@scrschnaittach.de Sportliche Gr\u00fc\u00dfeEure Vorstandschaft","og_url":"https:\/\/www.scrschnaittach.de\/neu2013\/wordpress\/?p=2025","og_site_name":"SCR-Schnaittach","article_publisher":"https:\/\/www.facebook.com\/SCRSchnaittach","article_published_time":"2023-05-26T09:49:51+00:00","author":"Matthias M\u00e4nnl","twitter_card":"summary_large_image","twitter_misc":{"Verfasst von":"Matthias M\u00e4nnl","Gesch\u00e4tzte Lesezeit":"1\u00a0Minute"},"schema":{"@context":"https:\/\/schema.org","@graph":[{"@type":"Article","@id":"https:\/\/www.scrschnaittach.de\/neu2013\/wordpress\/?p=2025#article","isPartOf":{"@id":"https:\/\/www.scrschnaittach.de\/neu2013\/wordpress\/?p=2025"},"author":{"name":"Matthias M\u00e4nnl","@id":"https:\/\/www.scrschnaittach.de\/neu2013\/wordpress\/#\/schema\/person\/bb1da523c1597ecb6fa47934fcd2bc7d"},"headline":"Selbstverteidigungskurs f\u00fcr Frauen am 24.06.2023","datePublished":"2023-05-26T09:49:51+00:00","mainEntityOfPage":{"@id":"https:\/\/www.scrschnaittach.de\/neu2013\/wordpress\/?p=2025"},"wordCount":152,"publisher":{"@id":"https:\/\/www.scrschnaittach.de\/neu2013\/wordpress\/#organization"},"articleSection":["ohne Kategorie"],"inLanguage":"de"},{"@type":"WebPage","@id":"https:\/\/www.scrschnaittach.de\/neu2013\/wordpress\/?p=2025","url":"https:\/\/www.scrschnaittach.de\/neu2013\/wordpress\/?p=2025","name":"Selbstverteidigungskurs f\u00fcr Frauen am 24.06.2023 - SCR-Schnaittach","isPartOf":{"@id":"https:\/\/www.scrschnaittach.de\/neu2013\/wordpress\/#website"},"datePublished":"2023-05-26T09:49:51+00:00","breadcrumb":{"@id":"https:\/\/www.scrschnaittach.de\/neu2013\/wordpress\/?p=2025#breadcrumb"},"inLanguage":"de","potentialAction":[{"@type":"ReadAction","target":["https:\/\/www.scrschnaittach.de\/neu2013\/wordpress\/?p=2025"]}]},{"@type":"BreadcrumbList","@id":"https:\/\/www.scrschnaittach.de\/neu2013\/wordpress\/?p=2025#breadcrumb","itemListElement":[{"@type":"ListItem","position":1,"name":"Startseite","item":"https:\/\/www.scrschnaittach.de\/neu2013\/wordpress\/"},{"@type":"ListItem","position":2,"name":"Selbstverteidigungskurs f\u00fcr Frauen am 24.06.2023"}]},{"@type":"WebSite","@id":"https:\/\/www.scrschnaittach.de\/neu2013\/wordpress\/#website","url":"https:\/\/www.scrschnaittach.de\/neu2013\/wordpress\/","name":"SCR-Schnaittach","description":"Skiing - Cycling - Running","publisher":{"@id":"https:\/\/www.scrschnaittach.de\/neu2013\/wordpress\/#organization"},"potentialAction":[{"@type":"SearchAction","target":{"@type":"EntryPoint","urlTemplate":"https:\/\/www.scrschnaittach.de\/neu2013\/wordpress\/?s={search_term_string}"},"query-input":{"@type":"PropertyValueSpecification","valueRequired":true,"valueName":"search_term_string"}}],"inLanguage":"de"},{"@type":"Organization","@id":"https:\/\/www.scrschnaittach.de\/neu2013\/wordpress\/#organization","name":"SCR-Schnaittach","url":"https:\/\/www.scrschnaittach.de\/neu2013\/wordpress\/","logo":{"@type":"ImageObject","inLanguage":"de","@id":"https:\/\/www.scrschnaittach.de\/neu2013\/wordpress\/#\/schema\/logo\/image\/","url":"https:\/\/www.scrschnaittach.de\/neu2013\/wordpress\/wp-content\/uploads\/2022\/12\/scrlogo.png","contentUrl":"https:\/\/www.scrschnaittach.de\/neu2013\/wordpress\/wp-content\/uploads\/2022\/12\/scrlogo.png","width":77,"height":90,"caption":"SCR-Schnaittach"},"image":{"@id":"https:\/\/www.scrschnaittach.de\/neu2013\/wordpress\/#\/schema\/logo\/image\/"},"sameAs":["https:\/\/www.facebook.com\/SCRSchnaittach"]},{"@type":"Person","@id":"https:\/\/www.scrschnaittach.de\/neu2013\/wordpress\/#\/schema\/person\/bb1da523c1597ecb6fa47934fcd2bc7d","name":"Matthias M\u00e4nnl","image":{"@type":"ImageObject","inLanguage":"de","@id":"https:\/\/secure.gravatar.com\/avatar\/da2104f30564915d027465fa9b696aa8571a47512bd9dd57087af0d720bbd9b1?s=96&d=mm&r=g","url":"https:\/\/secure.gravatar.com\/avatar\/da2104f30564915d027465fa9b696aa8571a47512bd9dd57087af0d720bbd9b1?s=96&d=mm&r=g","contentUrl":"https:\/\/secure.gravatar.com\/avatar\/da2104f30564915d027465fa9b696aa8571a47512bd9dd57087af0d720bbd9b1?s=96&d=mm&r=g","caption":"Matthias M\u00e4nnl"},"url":"https:\/\/www.scrschnaittach.de\/neu2013\/wordpress\/?author=3"}]}},"_links":{"self":[{"href":"https:\/\/www.scrschnaittach.de\/neu2013\/wordpress\/index.php?rest_route=\/wp\/v2\/posts\/2025","targetHints":{"allow":["GET"]}}],"collection":[{"href":"https:\/\/www.scrschnaittach.de\/neu2013\/wordpress\/index.php?rest_route=\/wp\/v2\/posts"}],"about":[{"href":"https:\/\/www.scrschnaittach.de\/neu2013\/wordpress\/index.php?rest_route=\/wp\/v2\/types\/post"}],"author":[{"embeddable":true,"href":"https:\/\/www.scrschnaittach.de\/neu2013\/wordpress\/index.php?rest_route=\/wp\/v2\/users\/3"}],"replies":[{"embeddable":true,"href":"https:\/\/www.scrschnaittach.de\/neu2013\/wordpress\/index.php?rest_route=%2Fwp%2Fv2%2Fcomments&post=2025"}],"version-history":[{"count":1,"href":"https:\/\/www.scrschnaittach.de\/neu2013\/wordpress\/index.php?rest_route=\/wp\/v2\/posts\/2025\/revisions"}],"predecessor-version":[{"id":2027,"href":"https:\/\/www.scrschnaittach.de\/neu2013\/wordpress\/index.php?rest_route=\/wp\/v2\/posts\/2025\/revisions\/2027"}],"wp:attachment":[{"href":"https:\/\/www.scrschnaittach.de\/neu2013\/wordpress\/index.php?rest_route=%2Fwp%2Fv2%2Fmedia&parent=2025"}],"wp:term":[{"taxonomy":"category","embeddable":true,"href":"https:\/\/www.scrschnaittach.de\/neu2013\/wordpress\/index.php?rest_route=%2Fwp%2Fv2%2Fcategories&post=2025"},{"taxonomy":"post_tag","embeddable":true,"href":"https:\/\/www.scrschnaittach.de\/neu2013\/wordpress\/index.php?rest_route=%2Fwp%2Fv2%2Ftags&post=2025"}],"curies":[{"name":"wp","href":"https:\/\/api.w.org\/{rel}","templated":true}]}}