{"id":2009,"date":"2023-05-21T11:48:43","date_gmt":"2023-05-21T09:48:43","guid":{"rendered":"https:\/\/www.scrschnaittach.de\/neu2013\/wordpress\/?p=2009"},"modified":"2023-05-21T11:56:54","modified_gmt":"2023-05-21T09:56:54","slug":"scheine-fuer-vereine-wir-sind-dabei","status":"publish","type":"post","link":"https:\/\/www.scrschnaittach.de\/neu2013\/wordpress\/?p=2009","title":{"rendered":"Scheine f\u00fcr Vereine &#8211; Wir sind dabei!"},"content":{"rendered":"\n<p>F\u00fcr mehr Leben in unseren Sportvereinen<\/p>\n\n\n\n<p>Mit der Aktion \u201eScheine f\u00fcr Vereine\u201c unterst\u00fctzt REWE bereits seit 2019 den Amateursport in ganz Deutschland. Das gemeinsame Sammeln zur Verbesserung der eigenen Ausstattung st\u00e4rkt das Gemeinschaftsgef\u00fchl und bringt wieder neues Leben in unsere Sportvereine. Denn wirklich alle im Vereinsumfeld \u2013 und sogar weit dar\u00fcber hinaus \u2013 k\u00f6nnen etwas zur Unterst\u00fctzung beitragen.<br>Dieses Jahr nehmen auch wir daran teil. Unterst\u00fctzt uns, lasst Euch, wenn Ihr bei REWE einkauft, die Vereinsscheine geben und ordnet sie unserem Verein zu. Wie das funktioniert, steht auf den Scheinen. Ihr findet uns unter folgendem Link: <a href=\"https:\/\/scheinefuervereine.rewe.de\/verein\/10000063105\" target=\"_blank\" rel=\"noreferrer noopener\">https:\/\/scheinefuervereine.rewe.de\/verein\/10000063105<\/a><\/p>\n\n\n\n<p>Ihr k\u00f6nnt die Scheine auch bei jedem Ansprechpartner des SCR (Vorstand, Abteilungsleiter, \u00dcbungsleiter) abgeben. Wir aktivieren dann die Scheine f\u00fcr den SCR und k\u00f6nnen uns daf\u00fcr attraktive Pr\u00e4mien eintauschen, die wir im Verein verwenden k\u00f6nnen.<br>Danke f\u00fcrs Mitmachen!<br>Die Vorstandschaft<\/p>\n","protected":false},"excerpt":{"rendered":"<p>F\u00fcr mehr Leben in unseren Sportvereinen Mit der Aktion \u201eScheine f\u00fcr Vereine\u201c unterst\u00fctzt REWE bereits seit 2019 den Amateursport in ganz Deutschland. Das gemeinsame Sammeln zur Verbesserung der eigenen Ausstattung st\u00e4rkt das Gemeinschaftsgef\u00fchl und bringt wieder neues Leben in unsere Sportvereine. Denn wirklich alle im Vereinsumfeld \u2013 und sogar weit dar\u00fcber hinaus \u2013 k\u00f6nnen etwas zur Unterst\u00fctzung beitragen.Dieses Jahr nehmen auch wir daran teil. Unterst\u00fctzt uns, lasst Euch, wenn Ihr bei REWE einkauft, die Vereinsscheine geben und ordnet sie unserem Verein zu. Wie das funktioniert, steht auf den Scheinen. Ihr findet uns unter folgendem Link: https:\/\/scheinefuervereine.rewe.de\/verein\/10000063105 Ihr k\u00f6nnt die Scheine auch bei jedem Ansprechpartner des SCR (Vorstand, Abteilungsleiter, \u00dcbungsleiter) abgeben. Wir aktivieren dann die Scheine f\u00fcr den SCR und k\u00f6nnen uns daf\u00fcr attraktive Pr\u00e4mien eintauschen, die wir im Verein verwenden k\u00f6nnen.Danke f\u00fcrs Mitmachen!Die Vorstandschaft<\/p>\n","protected":false},"author":3,"featured_media":2010,"comment_status":"closed","ping_status":"closed","sticky":false,"template":"","format":"standard","meta":{"footnotes":"","_links_to":"","_links_to_target":""},"categories":[1],"tags":[],"class_list":["post-2009","post","type-post","status-publish","format-standard","has-post-thumbnail","hentry","category-uncategorized"],"yoast_head":"<!-- This site is optimized with the Yoast SEO plugin v27.4 - https:\/\/yoast.com\/product\/yoast-seo-wordpress\/ -->\n<title>Scheine f\u00fcr Vereine - Wir sind dabei! - SCR-Schnaittach<\/title>\n<meta name=\"robots\" content=\"index, follow, max-snippet:-1, max-image-preview:large, max-video-preview:-1\" \/>\n<link rel=\"canonical\" href=\"https:\/\/www.scrschnaittach.de\/neu2013\/wordpress\/?p=2009\" \/>\n<meta property=\"og:locale\" content=\"de_DE\" \/>\n<meta property=\"og:type\" content=\"article\" \/>\n<meta property=\"og:title\" content=\"Scheine f\u00fcr Vereine - Wir sind dabei! - SCR-Schnaittach\" \/>\n<meta property=\"og:description\" content=\"F\u00fcr mehr Leben in unseren Sportvereinen Mit der Aktion \u201eScheine f\u00fcr Vereine\u201c unterst\u00fctzt REWE bereits seit 2019 den Amateursport in ganz Deutschland. Das gemeinsame Sammeln zur Verbesserung der eigenen Ausstattung st\u00e4rkt das Gemeinschaftsgef\u00fchl und bringt wieder neues Leben in unsere Sportvereine. Denn wirklich alle im Vereinsumfeld \u2013 und sogar weit dar\u00fcber hinaus \u2013 k\u00f6nnen etwas zur Unterst\u00fctzung beitragen.Dieses Jahr nehmen auch wir daran teil. Unterst\u00fctzt uns, lasst Euch, wenn Ihr bei REWE einkauft, die Vereinsscheine geben und ordnet sie unserem Verein zu. Wie das funktioniert, steht auf den Scheinen. Ihr findet uns unter folgendem Link: https:\/\/scheinefuervereine.rewe.de\/verein\/10000063105 Ihr k\u00f6nnt die Scheine auch bei jedem Ansprechpartner des SCR (Vorstand, Abteilungsleiter, \u00dcbungsleiter) abgeben. Wir aktivieren dann die Scheine f\u00fcr den SCR und k\u00f6nnen uns daf\u00fcr attraktive Pr\u00e4mien eintauschen, die wir im Verein verwenden k\u00f6nnen.Danke f\u00fcrs Mitmachen!Die Vorstandschaft\" \/>\n<meta property=\"og:url\" content=\"https:\/\/www.scrschnaittach.de\/neu2013\/wordpress\/?p=2009\" \/>\n<meta property=\"og:site_name\" content=\"SCR-Schnaittach\" \/>\n<meta property=\"article:publisher\" content=\"https:\/\/www.facebook.com\/SCRSchnaittach\" \/>\n<meta property=\"article:published_time\" content=\"2023-05-21T09:48:43+00:00\" \/>\n<meta property=\"article:modified_time\" content=\"2023-05-21T09:56:54+00:00\" \/>\n<meta property=\"og:image\" content=\"https:\/\/www.scrschnaittach.de\/neu2013\/wordpress\/wp-content\/uploads\/2023\/05\/REWE_Scheine-fuer-Vereine_Poster-Feed.jpg\" \/>\n\t<meta property=\"og:image:width\" content=\"1512\" \/>\n\t<meta property=\"og:image:height\" content=\"1890\" \/>\n\t<meta property=\"og:image:type\" content=\"image\/jpeg\" \/>\n<meta name=\"author\" content=\"Matthias M\u00e4nnl\" \/>\n<meta name=\"twitter:card\" content=\"summary_large_image\" \/>\n<meta name=\"twitter:label1\" content=\"Verfasst von\" \/>\n\t<meta name=\"twitter:data1\" content=\"Matthias M\u00e4nnl\" \/>\n\t<meta name=\"twitter:label2\" content=\"Gesch\u00e4tzte Lesezeit\" \/>\n\t<meta name=\"twitter:data2\" content=\"1\u00a0Minute\" \/>\n<script type=\"application\/ld+json\" class=\"yoast-schema-graph\">{\"@context\":\"https:\\\/\\\/schema.org\",\"@graph\":[{\"@type\":\"Article\",\"@id\":\"https:\\\/\\\/www.scrschnaittach.de\\\/neu2013\\\/wordpress\\\/?p=2009#article\",\"isPartOf\":{\"@id\":\"https:\\\/\\\/www.scrschnaittach.de\\\/neu2013\\\/wordpress\\\/?p=2009\"},\"author\":{\"name\":\"Matthias M\u00e4nnl\",\"@id\":\"https:\\\/\\\/www.scrschnaittach.de\\\/neu2013\\\/wordpress\\\/#\\\/schema\\\/person\\\/bb1da523c1597ecb6fa47934fcd2bc7d\"},\"headline\":\"Scheine f\u00fcr Vereine &#8211; Wir sind dabei!\",\"datePublished\":\"2023-05-21T09:48:43+00:00\",\"dateModified\":\"2023-05-21T09:56:54+00:00\",\"mainEntityOfPage\":{\"@id\":\"https:\\\/\\\/www.scrschnaittach.de\\\/neu2013\\\/wordpress\\\/?p=2009\"},\"wordCount\":162,\"publisher\":{\"@id\":\"https:\\\/\\\/www.scrschnaittach.de\\\/neu2013\\\/wordpress\\\/#organization\"},\"image\":{\"@id\":\"https:\\\/\\\/www.scrschnaittach.de\\\/neu2013\\\/wordpress\\\/?p=2009#primaryimage\"},\"thumbnailUrl\":\"https:\\\/\\\/www.scrschnaittach.de\\\/neu2013\\\/wordpress\\\/wp-content\\\/uploads\\\/2023\\\/05\\\/REWE_Scheine-fuer-Vereine_Poster-Feed.jpg\",\"articleSection\":[\"ohne Kategorie\"],\"inLanguage\":\"de\"},{\"@type\":\"WebPage\",\"@id\":\"https:\\\/\\\/www.scrschnaittach.de\\\/neu2013\\\/wordpress\\\/?p=2009\",\"url\":\"https:\\\/\\\/www.scrschnaittach.de\\\/neu2013\\\/wordpress\\\/?p=2009\",\"name\":\"Scheine f\u00fcr Vereine - Wir sind dabei! - SCR-Schnaittach\",\"isPartOf\":{\"@id\":\"https:\\\/\\\/www.scrschnaittach.de\\\/neu2013\\\/wordpress\\\/#website\"},\"primaryImageOfPage\":{\"@id\":\"https:\\\/\\\/www.scrschnaittach.de\\\/neu2013\\\/wordpress\\\/?p=2009#primaryimage\"},\"image\":{\"@id\":\"https:\\\/\\\/www.scrschnaittach.de\\\/neu2013\\\/wordpress\\\/?p=2009#primaryimage\"},\"thumbnailUrl\":\"https:\\\/\\\/www.scrschnaittach.de\\\/neu2013\\\/wordpress\\\/wp-content\\\/uploads\\\/2023\\\/05\\\/REWE_Scheine-fuer-Vereine_Poster-Feed.jpg\",\"datePublished\":\"2023-05-21T09:48:43+00:00\",\"dateModified\":\"2023-05-21T09:56:54+00:00\",\"breadcrumb\":{\"@id\":\"https:\\\/\\\/www.scrschnaittach.de\\\/neu2013\\\/wordpress\\\/?p=2009#breadcrumb\"},\"inLanguage\":\"de\",\"potentialAction\":[{\"@type\":\"ReadAction\",\"target\":[\"https:\\\/\\\/www.scrschnaittach.de\\\/neu2013\\\/wordpress\\\/?p=2009\"]}]},{\"@type\":\"ImageObject\",\"inLanguage\":\"de\",\"@id\":\"https:\\\/\\\/www.scrschnaittach.de\\\/neu2013\\\/wordpress\\\/?p=2009#primaryimage\",\"url\":\"https:\\\/\\\/www.scrschnaittach.de\\\/neu2013\\\/wordpress\\\/wp-content\\\/uploads\\\/2023\\\/05\\\/REWE_Scheine-fuer-Vereine_Poster-Feed.jpg\",\"contentUrl\":\"https:\\\/\\\/www.scrschnaittach.de\\\/neu2013\\\/wordpress\\\/wp-content\\\/uploads\\\/2023\\\/05\\\/REWE_Scheine-fuer-Vereine_Poster-Feed.jpg\",\"width\":1512,\"height\":1890},{\"@type\":\"BreadcrumbList\",\"@id\":\"https:\\\/\\\/www.scrschnaittach.de\\\/neu2013\\\/wordpress\\\/?p=2009#breadcrumb\",\"itemListElement\":[{\"@type\":\"ListItem\",\"position\":1,\"name\":\"Startseite\",\"item\":\"https:\\\/\\\/www.scrschnaittach.de\\\/neu2013\\\/wordpress\\\/\"},{\"@type\":\"ListItem\",\"position\":2,\"name\":\"Scheine f\u00fcr Vereine &#8211; Wir sind dabei!\"}]},{\"@type\":\"WebSite\",\"@id\":\"https:\\\/\\\/www.scrschnaittach.de\\\/neu2013\\\/wordpress\\\/#website\",\"url\":\"https:\\\/\\\/www.scrschnaittach.de\\\/neu2013\\\/wordpress\\\/\",\"name\":\"SCR-Schnaittach\",\"description\":\"Skiing - Cycling - Running\",\"publisher\":{\"@id\":\"https:\\\/\\\/www.scrschnaittach.de\\\/neu2013\\\/wordpress\\\/#organization\"},\"potentialAction\":[{\"@type\":\"SearchAction\",\"target\":{\"@type\":\"EntryPoint\",\"urlTemplate\":\"https:\\\/\\\/www.scrschnaittach.de\\\/neu2013\\\/wordpress\\\/?s={search_term_string}\"},\"query-input\":{\"@type\":\"PropertyValueSpecification\",\"valueRequired\":true,\"valueName\":\"search_term_string\"}}],\"inLanguage\":\"de\"},{\"@type\":\"Organization\",\"@id\":\"https:\\\/\\\/www.scrschnaittach.de\\\/neu2013\\\/wordpress\\\/#organization\",\"name\":\"SCR-Schnaittach\",\"url\":\"https:\\\/\\\/www.scrschnaittach.de\\\/neu2013\\\/wordpress\\\/\",\"logo\":{\"@type\":\"ImageObject\",\"inLanguage\":\"de\",\"@id\":\"https:\\\/\\\/www.scrschnaittach.de\\\/neu2013\\\/wordpress\\\/#\\\/schema\\\/logo\\\/image\\\/\",\"url\":\"https:\\\/\\\/www.scrschnaittach.de\\\/neu2013\\\/wordpress\\\/wp-content\\\/uploads\\\/2022\\\/12\\\/scrlogo.png\",\"contentUrl\":\"https:\\\/\\\/www.scrschnaittach.de\\\/neu2013\\\/wordpress\\\/wp-content\\\/uploads\\\/2022\\\/12\\\/scrlogo.png\",\"width\":77,\"height\":90,\"caption\":\"SCR-Schnaittach\"},\"image\":{\"@id\":\"https:\\\/\\\/www.scrschnaittach.de\\\/neu2013\\\/wordpress\\\/#\\\/schema\\\/logo\\\/image\\\/\"},\"sameAs\":[\"https:\\\/\\\/www.facebook.com\\\/SCRSchnaittach\"]},{\"@type\":\"Person\",\"@id\":\"https:\\\/\\\/www.scrschnaittach.de\\\/neu2013\\\/wordpress\\\/#\\\/schema\\\/person\\\/bb1da523c1597ecb6fa47934fcd2bc7d\",\"name\":\"Matthias M\u00e4nnl\",\"image\":{\"@type\":\"ImageObject\",\"inLanguage\":\"de\",\"@id\":\"https:\\\/\\\/secure.gravatar.com\\\/avatar\\\/da2104f30564915d027465fa9b696aa8571a47512bd9dd57087af0d720bbd9b1?s=96&d=mm&r=g\",\"url\":\"https:\\\/\\\/secure.gravatar.com\\\/avatar\\\/da2104f30564915d027465fa9b696aa8571a47512bd9dd57087af0d720bbd9b1?s=96&d=mm&r=g\",\"contentUrl\":\"https:\\\/\\\/secure.gravatar.com\\\/avatar\\\/da2104f30564915d027465fa9b696aa8571a47512bd9dd57087af0d720bbd9b1?s=96&d=mm&r=g\",\"caption\":\"Matthias M\u00e4nnl\"},\"url\":\"https:\\\/\\\/www.scrschnaittach.de\\\/neu2013\\\/wordpress\\\/?author=3\"}]}<\/script>\n<!-- \/ Yoast SEO plugin. -->","yoast_head_json":{"title":"Scheine f\u00fcr Vereine - Wir sind dabei! - SCR-Schnaittach","robots":{"index":"index","follow":"follow","max-snippet":"max-snippet:-1","max-image-preview":"max-image-preview:large","max-video-preview":"max-video-preview:-1"},"canonical":"https:\/\/www.scrschnaittach.de\/neu2013\/wordpress\/?p=2009","og_locale":"de_DE","og_type":"article","og_title":"Scheine f\u00fcr Vereine - Wir sind dabei! - SCR-Schnaittach","og_description":"F\u00fcr mehr Leben in unseren Sportvereinen Mit der Aktion \u201eScheine f\u00fcr Vereine\u201c unterst\u00fctzt REWE bereits seit 2019 den Amateursport in ganz Deutschland. Das gemeinsame Sammeln zur Verbesserung der eigenen Ausstattung st\u00e4rkt das Gemeinschaftsgef\u00fchl und bringt wieder neues Leben in unsere Sportvereine. Denn wirklich alle im Vereinsumfeld \u2013 und sogar weit dar\u00fcber hinaus \u2013 k\u00f6nnen etwas zur Unterst\u00fctzung beitragen.Dieses Jahr nehmen auch wir daran teil. Unterst\u00fctzt uns, lasst Euch, wenn Ihr bei REWE einkauft, die Vereinsscheine geben und ordnet sie unserem Verein zu. Wie das funktioniert, steht auf den Scheinen. Ihr findet uns unter folgendem Link: https:\/\/scheinefuervereine.rewe.de\/verein\/10000063105 Ihr k\u00f6nnt die Scheine auch bei jedem Ansprechpartner des SCR (Vorstand, Abteilungsleiter, \u00dcbungsleiter) abgeben. Wir aktivieren dann die Scheine f\u00fcr den SCR und k\u00f6nnen uns daf\u00fcr attraktive Pr\u00e4mien eintauschen, die wir im Verein verwenden k\u00f6nnen.Danke f\u00fcrs Mitmachen!Die Vorstandschaft","og_url":"https:\/\/www.scrschnaittach.de\/neu2013\/wordpress\/?p=2009","og_site_name":"SCR-Schnaittach","article_publisher":"https:\/\/www.facebook.com\/SCRSchnaittach","article_published_time":"2023-05-21T09:48:43+00:00","article_modified_time":"2023-05-21T09:56:54+00:00","og_image":[{"width":1512,"height":1890,"url":"https:\/\/www.scrschnaittach.de\/neu2013\/wordpress\/wp-content\/uploads\/2023\/05\/REWE_Scheine-fuer-Vereine_Poster-Feed.jpg","type":"image\/jpeg"}],"author":"Matthias M\u00e4nnl","twitter_card":"summary_large_image","twitter_misc":{"Verfasst von":"Matthias M\u00e4nnl","Gesch\u00e4tzte Lesezeit":"1\u00a0Minute"},"schema":{"@context":"https:\/\/schema.org","@graph":[{"@type":"Article","@id":"https:\/\/www.scrschnaittach.de\/neu2013\/wordpress\/?p=2009#article","isPartOf":{"@id":"https:\/\/www.scrschnaittach.de\/neu2013\/wordpress\/?p=2009"},"author":{"name":"Matthias M\u00e4nnl","@id":"https:\/\/www.scrschnaittach.de\/neu2013\/wordpress\/#\/schema\/person\/bb1da523c1597ecb6fa47934fcd2bc7d"},"headline":"Scheine f\u00fcr Vereine &#8211; Wir sind dabei!","datePublished":"2023-05-21T09:48:43+00:00","dateModified":"2023-05-21T09:56:54+00:00","mainEntityOfPage":{"@id":"https:\/\/www.scrschnaittach.de\/neu2013\/wordpress\/?p=2009"},"wordCount":162,"publisher":{"@id":"https:\/\/www.scrschnaittach.de\/neu2013\/wordpress\/#organization"},"image":{"@id":"https:\/\/www.scrschnaittach.de\/neu2013\/wordpress\/?p=2009#primaryimage"},"thumbnailUrl":"https:\/\/www.scrschnaittach.de\/neu2013\/wordpress\/wp-content\/uploads\/2023\/05\/REWE_Scheine-fuer-Vereine_Poster-Feed.jpg","articleSection":["ohne Kategorie"],"inLanguage":"de"},{"@type":"WebPage","@id":"https:\/\/www.scrschnaittach.de\/neu2013\/wordpress\/?p=2009","url":"https:\/\/www.scrschnaittach.de\/neu2013\/wordpress\/?p=2009","name":"Scheine f\u00fcr Vereine - Wir sind dabei! - SCR-Schnaittach","isPartOf":{"@id":"https:\/\/www.scrschnaittach.de\/neu2013\/wordpress\/#website"},"primaryImageOfPage":{"@id":"https:\/\/www.scrschnaittach.de\/neu2013\/wordpress\/?p=2009#primaryimage"},"image":{"@id":"https:\/\/www.scrschnaittach.de\/neu2013\/wordpress\/?p=2009#primaryimage"},"thumbnailUrl":"https:\/\/www.scrschnaittach.de\/neu2013\/wordpress\/wp-content\/uploads\/2023\/05\/REWE_Scheine-fuer-Vereine_Poster-Feed.jpg","datePublished":"2023-05-21T09:48:43+00:00","dateModified":"2023-05-21T09:56:54+00:00","breadcrumb":{"@id":"https:\/\/www.scrschnaittach.de\/neu2013\/wordpress\/?p=2009#breadcrumb"},"inLanguage":"de","potentialAction":[{"@type":"ReadAction","target":["https:\/\/www.scrschnaittach.de\/neu2013\/wordpress\/?p=2009"]}]},{"@type":"ImageObject","inLanguage":"de","@id":"https:\/\/www.scrschnaittach.de\/neu2013\/wordpress\/?p=2009#primaryimage","url":"https:\/\/www.scrschnaittach.de\/neu2013\/wordpress\/wp-content\/uploads\/2023\/05\/REWE_Scheine-fuer-Vereine_Poster-Feed.jpg","contentUrl":"https:\/\/www.scrschnaittach.de\/neu2013\/wordpress\/wp-content\/uploads\/2023\/05\/REWE_Scheine-fuer-Vereine_Poster-Feed.jpg","width":1512,"height":1890},{"@type":"BreadcrumbList","@id":"https:\/\/www.scrschnaittach.de\/neu2013\/wordpress\/?p=2009#breadcrumb","itemListElement":[{"@type":"ListItem","position":1,"name":"Startseite","item":"https:\/\/www.scrschnaittach.de\/neu2013\/wordpress\/"},{"@type":"ListItem","position":2,"name":"Scheine f\u00fcr Vereine &#8211; Wir sind dabei!"}]},{"@type":"WebSite","@id":"https:\/\/www.scrschnaittach.de\/neu2013\/wordpress\/#website","url":"https:\/\/www.scrschnaittach.de\/neu2013\/wordpress\/","name":"SCR-Schnaittach","description":"Skiing - Cycling - Running","publisher":{"@id":"https:\/\/www.scrschnaittach.de\/neu2013\/wordpress\/#organization"},"potentialAction":[{"@type":"SearchAction","target":{"@type":"EntryPoint","urlTemplate":"https:\/\/www.scrschnaittach.de\/neu2013\/wordpress\/?s={search_term_string}"},"query-input":{"@type":"PropertyValueSpecification","valueRequired":true,"valueName":"search_term_string"}}],"inLanguage":"de"},{"@type":"Organization","@id":"https:\/\/www.scrschnaittach.de\/neu2013\/wordpress\/#organization","name":"SCR-Schnaittach","url":"https:\/\/www.scrschnaittach.de\/neu2013\/wordpress\/","logo":{"@type":"ImageObject","inLanguage":"de","@id":"https:\/\/www.scrschnaittach.de\/neu2013\/wordpress\/#\/schema\/logo\/image\/","url":"https:\/\/www.scrschnaittach.de\/neu2013\/wordpress\/wp-content\/uploads\/2022\/12\/scrlogo.png","contentUrl":"https:\/\/www.scrschnaittach.de\/neu2013\/wordpress\/wp-content\/uploads\/2022\/12\/scrlogo.png","width":77,"height":90,"caption":"SCR-Schnaittach"},"image":{"@id":"https:\/\/www.scrschnaittach.de\/neu2013\/wordpress\/#\/schema\/logo\/image\/"},"sameAs":["https:\/\/www.facebook.com\/SCRSchnaittach"]},{"@type":"Person","@id":"https:\/\/www.scrschnaittach.de\/neu2013\/wordpress\/#\/schema\/person\/bb1da523c1597ecb6fa47934fcd2bc7d","name":"Matthias M\u00e4nnl","image":{"@type":"ImageObject","inLanguage":"de","@id":"https:\/\/secure.gravatar.com\/avatar\/da2104f30564915d027465fa9b696aa8571a47512bd9dd57087af0d720bbd9b1?s=96&d=mm&r=g","url":"https:\/\/secure.gravatar.com\/avatar\/da2104f30564915d027465fa9b696aa8571a47512bd9dd57087af0d720bbd9b1?s=96&d=mm&r=g","contentUrl":"https:\/\/secure.gravatar.com\/avatar\/da2104f30564915d027465fa9b696aa8571a47512bd9dd57087af0d720bbd9b1?s=96&d=mm&r=g","caption":"Matthias M\u00e4nnl"},"url":"https:\/\/www.scrschnaittach.de\/neu2013\/wordpress\/?author=3"}]}},"_links":{"self":[{"href":"https:\/\/www.scrschnaittach.de\/neu2013\/wordpress\/index.php?rest_route=\/wp\/v2\/posts\/2009","targetHints":{"allow":["GET"]}}],"collection":[{"href":"https:\/\/www.scrschnaittach.de\/neu2013\/wordpress\/index.php?rest_route=\/wp\/v2\/posts"}],"about":[{"href":"https:\/\/www.scrschnaittach.de\/neu2013\/wordpress\/index.php?rest_route=\/wp\/v2\/types\/post"}],"author":[{"embeddable":true,"href":"https:\/\/www.scrschnaittach.de\/neu2013\/wordpress\/index.php?rest_route=\/wp\/v2\/users\/3"}],"replies":[{"embeddable":true,"href":"https:\/\/www.scrschnaittach.de\/neu2013\/wordpress\/index.php?rest_route=%2Fwp%2Fv2%2Fcomments&post=2009"}],"version-history":[{"count":4,"href":"https:\/\/www.scrschnaittach.de\/neu2013\/wordpress\/index.php?rest_route=\/wp\/v2\/posts\/2009\/revisions"}],"predecessor-version":[{"id":2016,"href":"https:\/\/www.scrschnaittach.de\/neu2013\/wordpress\/index.php?rest_route=\/wp\/v2\/posts\/2009\/revisions\/2016"}],"wp:featuredmedia":[{"embeddable":true,"href":"https:\/\/www.scrschnaittach.de\/neu2013\/wordpress\/index.php?rest_route=\/wp\/v2\/media\/2010"}],"wp:attachment":[{"href":"https:\/\/www.scrschnaittach.de\/neu2013\/wordpress\/index.php?rest_route=%2Fwp%2Fv2%2Fmedia&parent=2009"}],"wp:term":[{"taxonomy":"category","embeddable":true,"href":"https:\/\/www.scrschnaittach.de\/neu2013\/wordpress\/index.php?rest_route=%2Fwp%2Fv2%2Fcategories&post=2009"},{"taxonomy":"post_tag","embeddable":true,"href":"https:\/\/www.scrschnaittach.de\/neu2013\/wordpress\/index.php?rest_route=%2Fwp%2Fv2%2Ftags&post=2009"}],"curies":[{"name":"wp","href":"https:\/\/api.w.org\/{rel}","templated":true}]}}