{"id":1995,"date":"2023-05-16T09:49:46","date_gmt":"2023-05-16T07:49:46","guid":{"rendered":"https:\/\/www.scrschnaittach.de\/neu2013\/wordpress\/?p=1995"},"modified":"2023-05-21T12:01:38","modified_gmt":"2023-05-21T10:01:38","slug":"landkreislauf-2023-platz-2-fuer-scr","status":"publish","type":"post","link":"https:\/\/www.scrschnaittach.de\/neu2013\/wordpress\/?p=1995","title":{"rendered":"Landkreislauf 2023 &#8211; Platz 2 f\u00fcr SCR"},"content":{"rendered":"\n<p class=\"has-text-align-left\">Am vergangenen Samstag konnten wir wieder tolle, sportliche Erfolge feiern:<br>Beim diesj\u00e4hrigen Landkreislauf 2023 waren wir mit zwei Mannschaften vertreten. Pro Team hatten wir jeweils zehn L\u00e4uferinnen f\u00fcr die einzelnen Streckenabschnitte die f\u00fcr den SCR an den Start gingen. Im Ganzen waren an diesem Tag 83 Teams alleine beim Laufen vertreten. Das Team SCR 1 unter Leitung von Harry hat den unglaublichen zweiten Platz in der Gesamtwertung erreicht! Was f\u00fcr eine Leistung!!! TOP!!! Das Team zwei von Wolfgang hat einen super starken 38. Platz geholt. Das wohl gemerkt mit einem sehr kurzfristig aufgestellten Team, jedoch mit voller Motivation!!! SUPER!!! Wir sind sehr stolz auf die Leistung unserer L\u00e4uferinnen und freuen uns sehr \u00fcber die Teilnahme und die Platzierungen!<\/p>\n","protected":false},"excerpt":{"rendered":"<p>Am vergangenen Samstag konnten wir wieder tolle, sportliche Erfolge feiern:Beim diesj\u00e4hrigen Landkreislauf 2023 waren wir mit zwei Mannschaften vertreten. Pro Team hatten wir jeweils zehn L\u00e4uferinnen f\u00fcr die einzelnen Streckenabschnitte die f\u00fcr den SCR an den Start gingen. Im Ganzen waren an diesem Tag 83 Teams alleine beim Laufen vertreten. Das Team SCR 1 unter Leitung von Harry hat den unglaublichen zweiten Platz in der Gesamtwertung erreicht! Was f\u00fcr eine Leistung!!! TOP!!! Das Team zwei von Wolfgang hat einen super starken 38. Platz geholt. Das wohl gemerkt mit einem sehr kurzfristig aufgestellten Team, jedoch mit voller Motivation!!! SUPER!!! Wir sind sehr stolz auf die Leistung unserer L\u00e4uferinnen und freuen uns sehr \u00fcber die Teilnahme und die Platzierungen!<\/p>\n","protected":false},"author":3,"featured_media":1996,"comment_status":"closed","ping_status":"closed","sticky":false,"template":"","format":"standard","meta":{"footnotes":"","_links_to":"","_links_to_target":""},"categories":[1],"tags":[],"class_list":["post-1995","post","type-post","status-publish","format-standard","has-post-thumbnail","hentry","category-uncategorized"],"yoast_head":"<!-- This site is optimized with the Yoast SEO plugin v27.4 - https:\/\/yoast.com\/product\/yoast-seo-wordpress\/ -->\n<title>Landkreislauf 2023 - Platz 2 f\u00fcr SCR - SCR-Schnaittach<\/title>\n<meta name=\"robots\" content=\"index, follow, max-snippet:-1, max-image-preview:large, max-video-preview:-1\" \/>\n<link rel=\"canonical\" href=\"https:\/\/www.scrschnaittach.de\/neu2013\/wordpress\/?p=1995\" \/>\n<meta property=\"og:locale\" content=\"de_DE\" \/>\n<meta property=\"og:type\" content=\"article\" \/>\n<meta property=\"og:title\" content=\"Landkreislauf 2023 - Platz 2 f\u00fcr SCR - SCR-Schnaittach\" \/>\n<meta property=\"og:description\" content=\"Am vergangenen Samstag konnten wir wieder tolle, sportliche Erfolge feiern:Beim diesj\u00e4hrigen Landkreislauf 2023 waren wir mit zwei Mannschaften vertreten. Pro Team hatten wir jeweils zehn L\u00e4uferinnen f\u00fcr die einzelnen Streckenabschnitte die f\u00fcr den SCR an den Start gingen. Im Ganzen waren an diesem Tag 83 Teams alleine beim Laufen vertreten. Das Team SCR 1 unter Leitung von Harry hat den unglaublichen zweiten Platz in der Gesamtwertung erreicht! Was f\u00fcr eine Leistung!!! TOP!!! Das Team zwei von Wolfgang hat einen super starken 38. Platz geholt. Das wohl gemerkt mit einem sehr kurzfristig aufgestellten Team, jedoch mit voller Motivation!!! SUPER!!! Wir sind sehr stolz auf die Leistung unserer L\u00e4uferinnen und freuen uns sehr \u00fcber die Teilnahme und die Platzierungen!\" \/>\n<meta property=\"og:url\" content=\"https:\/\/www.scrschnaittach.de\/neu2013\/wordpress\/?p=1995\" \/>\n<meta property=\"og:site_name\" content=\"SCR-Schnaittach\" \/>\n<meta property=\"article:publisher\" content=\"https:\/\/www.facebook.com\/SCRSchnaittach\" \/>\n<meta property=\"article:published_time\" content=\"2023-05-16T07:49:46+00:00\" \/>\n<meta property=\"article:modified_time\" content=\"2023-05-21T10:01:38+00:00\" \/>\n<meta property=\"og:image\" content=\"https:\/\/www.scrschnaittach.de\/neu2013\/wordpress\/wp-content\/uploads\/2023\/05\/LKRLauf2.jpg\" \/>\n\t<meta property=\"og:image:width\" content=\"2048\" \/>\n\t<meta property=\"og:image:height\" content=\"1536\" \/>\n\t<meta property=\"og:image:type\" content=\"image\/jpeg\" \/>\n<meta name=\"author\" content=\"Matthias M\u00e4nnl\" \/>\n<meta name=\"twitter:card\" content=\"summary_large_image\" \/>\n<meta name=\"twitter:label1\" content=\"Verfasst von\" \/>\n\t<meta name=\"twitter:data1\" content=\"Matthias M\u00e4nnl\" \/>\n\t<meta name=\"twitter:label2\" content=\"Gesch\u00e4tzte Lesezeit\" \/>\n\t<meta name=\"twitter:data2\" content=\"1\u00a0Minute\" \/>\n<script type=\"application\/ld+json\" class=\"yoast-schema-graph\">{\"@context\":\"https:\\\/\\\/schema.org\",\"@graph\":[{\"@type\":\"Article\",\"@id\":\"https:\\\/\\\/www.scrschnaittach.de\\\/neu2013\\\/wordpress\\\/?p=1995#article\",\"isPartOf\":{\"@id\":\"https:\\\/\\\/www.scrschnaittach.de\\\/neu2013\\\/wordpress\\\/?p=1995\"},\"author\":{\"name\":\"Matthias M\u00e4nnl\",\"@id\":\"https:\\\/\\\/www.scrschnaittach.de\\\/neu2013\\\/wordpress\\\/#\\\/schema\\\/person\\\/bb1da523c1597ecb6fa47934fcd2bc7d\"},\"headline\":\"Landkreislauf 2023 &#8211; Platz 2 f\u00fcr SCR\",\"datePublished\":\"2023-05-16T07:49:46+00:00\",\"dateModified\":\"2023-05-21T10:01:38+00:00\",\"mainEntityOfPage\":{\"@id\":\"https:\\\/\\\/www.scrschnaittach.de\\\/neu2013\\\/wordpress\\\/?p=1995\"},\"wordCount\":126,\"publisher\":{\"@id\":\"https:\\\/\\\/www.scrschnaittach.de\\\/neu2013\\\/wordpress\\\/#organization\"},\"image\":{\"@id\":\"https:\\\/\\\/www.scrschnaittach.de\\\/neu2013\\\/wordpress\\\/?p=1995#primaryimage\"},\"thumbnailUrl\":\"https:\\\/\\\/www.scrschnaittach.de\\\/neu2013\\\/wordpress\\\/wp-content\\\/uploads\\\/2023\\\/05\\\/LKRLauf2.jpg\",\"articleSection\":[\"ohne Kategorie\"],\"inLanguage\":\"de\"},{\"@type\":\"WebPage\",\"@id\":\"https:\\\/\\\/www.scrschnaittach.de\\\/neu2013\\\/wordpress\\\/?p=1995\",\"url\":\"https:\\\/\\\/www.scrschnaittach.de\\\/neu2013\\\/wordpress\\\/?p=1995\",\"name\":\"Landkreislauf 2023 - Platz 2 f\u00fcr SCR - SCR-Schnaittach\",\"isPartOf\":{\"@id\":\"https:\\\/\\\/www.scrschnaittach.de\\\/neu2013\\\/wordpress\\\/#website\"},\"primaryImageOfPage\":{\"@id\":\"https:\\\/\\\/www.scrschnaittach.de\\\/neu2013\\\/wordpress\\\/?p=1995#primaryimage\"},\"image\":{\"@id\":\"https:\\\/\\\/www.scrschnaittach.de\\\/neu2013\\\/wordpress\\\/?p=1995#primaryimage\"},\"thumbnailUrl\":\"https:\\\/\\\/www.scrschnaittach.de\\\/neu2013\\\/wordpress\\\/wp-content\\\/uploads\\\/2023\\\/05\\\/LKRLauf2.jpg\",\"datePublished\":\"2023-05-16T07:49:46+00:00\",\"dateModified\":\"2023-05-21T10:01:38+00:00\",\"breadcrumb\":{\"@id\":\"https:\\\/\\\/www.scrschnaittach.de\\\/neu2013\\\/wordpress\\\/?p=1995#breadcrumb\"},\"inLanguage\":\"de\",\"potentialAction\":[{\"@type\":\"ReadAction\",\"target\":[\"https:\\\/\\\/www.scrschnaittach.de\\\/neu2013\\\/wordpress\\\/?p=1995\"]}]},{\"@type\":\"ImageObject\",\"inLanguage\":\"de\",\"@id\":\"https:\\\/\\\/www.scrschnaittach.de\\\/neu2013\\\/wordpress\\\/?p=1995#primaryimage\",\"url\":\"https:\\\/\\\/www.scrschnaittach.de\\\/neu2013\\\/wordpress\\\/wp-content\\\/uploads\\\/2023\\\/05\\\/LKRLauf2.jpg\",\"contentUrl\":\"https:\\\/\\\/www.scrschnaittach.de\\\/neu2013\\\/wordpress\\\/wp-content\\\/uploads\\\/2023\\\/05\\\/LKRLauf2.jpg\",\"width\":2048,\"height\":1536},{\"@type\":\"BreadcrumbList\",\"@id\":\"https:\\\/\\\/www.scrschnaittach.de\\\/neu2013\\\/wordpress\\\/?p=1995#breadcrumb\",\"itemListElement\":[{\"@type\":\"ListItem\",\"position\":1,\"name\":\"Startseite\",\"item\":\"https:\\\/\\\/www.scrschnaittach.de\\\/neu2013\\\/wordpress\\\/\"},{\"@type\":\"ListItem\",\"position\":2,\"name\":\"Landkreislauf 2023 &#8211; Platz 2 f\u00fcr SCR\"}]},{\"@type\":\"WebSite\",\"@id\":\"https:\\\/\\\/www.scrschnaittach.de\\\/neu2013\\\/wordpress\\\/#website\",\"url\":\"https:\\\/\\\/www.scrschnaittach.de\\\/neu2013\\\/wordpress\\\/\",\"name\":\"SCR-Schnaittach\",\"description\":\"Skiing - Cycling - Running\",\"publisher\":{\"@id\":\"https:\\\/\\\/www.scrschnaittach.de\\\/neu2013\\\/wordpress\\\/#organization\"},\"potentialAction\":[{\"@type\":\"SearchAction\",\"target\":{\"@type\":\"EntryPoint\",\"urlTemplate\":\"https:\\\/\\\/www.scrschnaittach.de\\\/neu2013\\\/wordpress\\\/?s={search_term_string}\"},\"query-input\":{\"@type\":\"PropertyValueSpecification\",\"valueRequired\":true,\"valueName\":\"search_term_string\"}}],\"inLanguage\":\"de\"},{\"@type\":\"Organization\",\"@id\":\"https:\\\/\\\/www.scrschnaittach.de\\\/neu2013\\\/wordpress\\\/#organization\",\"name\":\"SCR-Schnaittach\",\"url\":\"https:\\\/\\\/www.scrschnaittach.de\\\/neu2013\\\/wordpress\\\/\",\"logo\":{\"@type\":\"ImageObject\",\"inLanguage\":\"de\",\"@id\":\"https:\\\/\\\/www.scrschnaittach.de\\\/neu2013\\\/wordpress\\\/#\\\/schema\\\/logo\\\/image\\\/\",\"url\":\"https:\\\/\\\/www.scrschnaittach.de\\\/neu2013\\\/wordpress\\\/wp-content\\\/uploads\\\/2022\\\/12\\\/scrlogo.png\",\"contentUrl\":\"https:\\\/\\\/www.scrschnaittach.de\\\/neu2013\\\/wordpress\\\/wp-content\\\/uploads\\\/2022\\\/12\\\/scrlogo.png\",\"width\":77,\"height\":90,\"caption\":\"SCR-Schnaittach\"},\"image\":{\"@id\":\"https:\\\/\\\/www.scrschnaittach.de\\\/neu2013\\\/wordpress\\\/#\\\/schema\\\/logo\\\/image\\\/\"},\"sameAs\":[\"https:\\\/\\\/www.facebook.com\\\/SCRSchnaittach\"]},{\"@type\":\"Person\",\"@id\":\"https:\\\/\\\/www.scrschnaittach.de\\\/neu2013\\\/wordpress\\\/#\\\/schema\\\/person\\\/bb1da523c1597ecb6fa47934fcd2bc7d\",\"name\":\"Matthias M\u00e4nnl\",\"image\":{\"@type\":\"ImageObject\",\"inLanguage\":\"de\",\"@id\":\"https:\\\/\\\/secure.gravatar.com\\\/avatar\\\/da2104f30564915d027465fa9b696aa8571a47512bd9dd57087af0d720bbd9b1?s=96&d=mm&r=g\",\"url\":\"https:\\\/\\\/secure.gravatar.com\\\/avatar\\\/da2104f30564915d027465fa9b696aa8571a47512bd9dd57087af0d720bbd9b1?s=96&d=mm&r=g\",\"contentUrl\":\"https:\\\/\\\/secure.gravatar.com\\\/avatar\\\/da2104f30564915d027465fa9b696aa8571a47512bd9dd57087af0d720bbd9b1?s=96&d=mm&r=g\",\"caption\":\"Matthias M\u00e4nnl\"},\"url\":\"https:\\\/\\\/www.scrschnaittach.de\\\/neu2013\\\/wordpress\\\/?author=3\"}]}<\/script>\n<!-- \/ Yoast SEO plugin. -->","yoast_head_json":{"title":"Landkreislauf 2023 - Platz 2 f\u00fcr SCR - SCR-Schnaittach","robots":{"index":"index","follow":"follow","max-snippet":"max-snippet:-1","max-image-preview":"max-image-preview:large","max-video-preview":"max-video-preview:-1"},"canonical":"https:\/\/www.scrschnaittach.de\/neu2013\/wordpress\/?p=1995","og_locale":"de_DE","og_type":"article","og_title":"Landkreislauf 2023 - Platz 2 f\u00fcr SCR - SCR-Schnaittach","og_description":"Am vergangenen Samstag konnten wir wieder tolle, sportliche Erfolge feiern:Beim diesj\u00e4hrigen Landkreislauf 2023 waren wir mit zwei Mannschaften vertreten. Pro Team hatten wir jeweils zehn L\u00e4uferinnen f\u00fcr die einzelnen Streckenabschnitte die f\u00fcr den SCR an den Start gingen. Im Ganzen waren an diesem Tag 83 Teams alleine beim Laufen vertreten. Das Team SCR 1 unter Leitung von Harry hat den unglaublichen zweiten Platz in der Gesamtwertung erreicht! Was f\u00fcr eine Leistung!!! TOP!!! Das Team zwei von Wolfgang hat einen super starken 38. Platz geholt. Das wohl gemerkt mit einem sehr kurzfristig aufgestellten Team, jedoch mit voller Motivation!!! SUPER!!! Wir sind sehr stolz auf die Leistung unserer L\u00e4uferinnen und freuen uns sehr \u00fcber die Teilnahme und die Platzierungen!","og_url":"https:\/\/www.scrschnaittach.de\/neu2013\/wordpress\/?p=1995","og_site_name":"SCR-Schnaittach","article_publisher":"https:\/\/www.facebook.com\/SCRSchnaittach","article_published_time":"2023-05-16T07:49:46+00:00","article_modified_time":"2023-05-21T10:01:38+00:00","og_image":[{"width":2048,"height":1536,"url":"https:\/\/www.scrschnaittach.de\/neu2013\/wordpress\/wp-content\/uploads\/2023\/05\/LKRLauf2.jpg","type":"image\/jpeg"}],"author":"Matthias M\u00e4nnl","twitter_card":"summary_large_image","twitter_misc":{"Verfasst von":"Matthias M\u00e4nnl","Gesch\u00e4tzte Lesezeit":"1\u00a0Minute"},"schema":{"@context":"https:\/\/schema.org","@graph":[{"@type":"Article","@id":"https:\/\/www.scrschnaittach.de\/neu2013\/wordpress\/?p=1995#article","isPartOf":{"@id":"https:\/\/www.scrschnaittach.de\/neu2013\/wordpress\/?p=1995"},"author":{"name":"Matthias M\u00e4nnl","@id":"https:\/\/www.scrschnaittach.de\/neu2013\/wordpress\/#\/schema\/person\/bb1da523c1597ecb6fa47934fcd2bc7d"},"headline":"Landkreislauf 2023 &#8211; Platz 2 f\u00fcr SCR","datePublished":"2023-05-16T07:49:46+00:00","dateModified":"2023-05-21T10:01:38+00:00","mainEntityOfPage":{"@id":"https:\/\/www.scrschnaittach.de\/neu2013\/wordpress\/?p=1995"},"wordCount":126,"publisher":{"@id":"https:\/\/www.scrschnaittach.de\/neu2013\/wordpress\/#organization"},"image":{"@id":"https:\/\/www.scrschnaittach.de\/neu2013\/wordpress\/?p=1995#primaryimage"},"thumbnailUrl":"https:\/\/www.scrschnaittach.de\/neu2013\/wordpress\/wp-content\/uploads\/2023\/05\/LKRLauf2.jpg","articleSection":["ohne Kategorie"],"inLanguage":"de"},{"@type":"WebPage","@id":"https:\/\/www.scrschnaittach.de\/neu2013\/wordpress\/?p=1995","url":"https:\/\/www.scrschnaittach.de\/neu2013\/wordpress\/?p=1995","name":"Landkreislauf 2023 - Platz 2 f\u00fcr SCR - SCR-Schnaittach","isPartOf":{"@id":"https:\/\/www.scrschnaittach.de\/neu2013\/wordpress\/#website"},"primaryImageOfPage":{"@id":"https:\/\/www.scrschnaittach.de\/neu2013\/wordpress\/?p=1995#primaryimage"},"image":{"@id":"https:\/\/www.scrschnaittach.de\/neu2013\/wordpress\/?p=1995#primaryimage"},"thumbnailUrl":"https:\/\/www.scrschnaittach.de\/neu2013\/wordpress\/wp-content\/uploads\/2023\/05\/LKRLauf2.jpg","datePublished":"2023-05-16T07:49:46+00:00","dateModified":"2023-05-21T10:01:38+00:00","breadcrumb":{"@id":"https:\/\/www.scrschnaittach.de\/neu2013\/wordpress\/?p=1995#breadcrumb"},"inLanguage":"de","potentialAction":[{"@type":"ReadAction","target":["https:\/\/www.scrschnaittach.de\/neu2013\/wordpress\/?p=1995"]}]},{"@type":"ImageObject","inLanguage":"de","@id":"https:\/\/www.scrschnaittach.de\/neu2013\/wordpress\/?p=1995#primaryimage","url":"https:\/\/www.scrschnaittach.de\/neu2013\/wordpress\/wp-content\/uploads\/2023\/05\/LKRLauf2.jpg","contentUrl":"https:\/\/www.scrschnaittach.de\/neu2013\/wordpress\/wp-content\/uploads\/2023\/05\/LKRLauf2.jpg","width":2048,"height":1536},{"@type":"BreadcrumbList","@id":"https:\/\/www.scrschnaittach.de\/neu2013\/wordpress\/?p=1995#breadcrumb","itemListElement":[{"@type":"ListItem","position":1,"name":"Startseite","item":"https:\/\/www.scrschnaittach.de\/neu2013\/wordpress\/"},{"@type":"ListItem","position":2,"name":"Landkreislauf 2023 &#8211; Platz 2 f\u00fcr SCR"}]},{"@type":"WebSite","@id":"https:\/\/www.scrschnaittach.de\/neu2013\/wordpress\/#website","url":"https:\/\/www.scrschnaittach.de\/neu2013\/wordpress\/","name":"SCR-Schnaittach","description":"Skiing - Cycling - Running","publisher":{"@id":"https:\/\/www.scrschnaittach.de\/neu2013\/wordpress\/#organization"},"potentialAction":[{"@type":"SearchAction","target":{"@type":"EntryPoint","urlTemplate":"https:\/\/www.scrschnaittach.de\/neu2013\/wordpress\/?s={search_term_string}"},"query-input":{"@type":"PropertyValueSpecification","valueRequired":true,"valueName":"search_term_string"}}],"inLanguage":"de"},{"@type":"Organization","@id":"https:\/\/www.scrschnaittach.de\/neu2013\/wordpress\/#organization","name":"SCR-Schnaittach","url":"https:\/\/www.scrschnaittach.de\/neu2013\/wordpress\/","logo":{"@type":"ImageObject","inLanguage":"de","@id":"https:\/\/www.scrschnaittach.de\/neu2013\/wordpress\/#\/schema\/logo\/image\/","url":"https:\/\/www.scrschnaittach.de\/neu2013\/wordpress\/wp-content\/uploads\/2022\/12\/scrlogo.png","contentUrl":"https:\/\/www.scrschnaittach.de\/neu2013\/wordpress\/wp-content\/uploads\/2022\/12\/scrlogo.png","width":77,"height":90,"caption":"SCR-Schnaittach"},"image":{"@id":"https:\/\/www.scrschnaittach.de\/neu2013\/wordpress\/#\/schema\/logo\/image\/"},"sameAs":["https:\/\/www.facebook.com\/SCRSchnaittach"]},{"@type":"Person","@id":"https:\/\/www.scrschnaittach.de\/neu2013\/wordpress\/#\/schema\/person\/bb1da523c1597ecb6fa47934fcd2bc7d","name":"Matthias M\u00e4nnl","image":{"@type":"ImageObject","inLanguage":"de","@id":"https:\/\/secure.gravatar.com\/avatar\/da2104f30564915d027465fa9b696aa8571a47512bd9dd57087af0d720bbd9b1?s=96&d=mm&r=g","url":"https:\/\/secure.gravatar.com\/avatar\/da2104f30564915d027465fa9b696aa8571a47512bd9dd57087af0d720bbd9b1?s=96&d=mm&r=g","contentUrl":"https:\/\/secure.gravatar.com\/avatar\/da2104f30564915d027465fa9b696aa8571a47512bd9dd57087af0d720bbd9b1?s=96&d=mm&r=g","caption":"Matthias M\u00e4nnl"},"url":"https:\/\/www.scrschnaittach.de\/neu2013\/wordpress\/?author=3"}]}},"_links":{"self":[{"href":"https:\/\/www.scrschnaittach.de\/neu2013\/wordpress\/index.php?rest_route=\/wp\/v2\/posts\/1995","targetHints":{"allow":["GET"]}}],"collection":[{"href":"https:\/\/www.scrschnaittach.de\/neu2013\/wordpress\/index.php?rest_route=\/wp\/v2\/posts"}],"about":[{"href":"https:\/\/www.scrschnaittach.de\/neu2013\/wordpress\/index.php?rest_route=\/wp\/v2\/types\/post"}],"author":[{"embeddable":true,"href":"https:\/\/www.scrschnaittach.de\/neu2013\/wordpress\/index.php?rest_route=\/wp\/v2\/users\/3"}],"replies":[{"embeddable":true,"href":"https:\/\/www.scrschnaittach.de\/neu2013\/wordpress\/index.php?rest_route=%2Fwp%2Fv2%2Fcomments&post=1995"}],"version-history":[{"count":3,"href":"https:\/\/www.scrschnaittach.de\/neu2013\/wordpress\/index.php?rest_route=\/wp\/v2\/posts\/1995\/revisions"}],"predecessor-version":[{"id":2019,"href":"https:\/\/www.scrschnaittach.de\/neu2013\/wordpress\/index.php?rest_route=\/wp\/v2\/posts\/1995\/revisions\/2019"}],"wp:featuredmedia":[{"embeddable":true,"href":"https:\/\/www.scrschnaittach.de\/neu2013\/wordpress\/index.php?rest_route=\/wp\/v2\/media\/1996"}],"wp:attachment":[{"href":"https:\/\/www.scrschnaittach.de\/neu2013\/wordpress\/index.php?rest_route=%2Fwp%2Fv2%2Fmedia&parent=1995"}],"wp:term":[{"taxonomy":"category","embeddable":true,"href":"https:\/\/www.scrschnaittach.de\/neu2013\/wordpress\/index.php?rest_route=%2Fwp%2Fv2%2Fcategories&post=1995"},{"taxonomy":"post_tag","embeddable":true,"href":"https:\/\/www.scrschnaittach.de\/neu2013\/wordpress\/index.php?rest_route=%2Fwp%2Fv2%2Ftags&post=1995"}],"curies":[{"name":"wp","href":"https:\/\/api.w.org\/{rel}","templated":true}]}}