{"id":1976,"date":"2023-05-12T18:04:10","date_gmt":"2023-05-12T16:04:10","guid":{"rendered":"https:\/\/www.scrschnaittach.de\/neu2013\/wordpress\/?p=1976"},"modified":"2023-05-12T18:21:35","modified_gmt":"2023-05-12T16:21:35","slug":"zeltlager-2023","status":"publish","type":"post","link":"https:\/\/www.scrschnaittach.de\/neu2013\/wordpress\/?p=1976","title":{"rendered":"<strong>Zeltlager 2023<\/strong>"},"content":{"rendered":"\n<p>Liebe Kinder und Jugendliche,<\/p>\n\n\n\n<p>in den Pfingstferien ist es wieder soweit. Wir fahren gemeinsam im Zeitraum 07.06. bis 10.06.2023 zum Zeltlager nach Betzenstein.<br>Euch erwarten viele verschiedene Programmpunkte wie,<br>&#8211; Besuch im Klettergarten und im Freibad<br>&#8211; spannende Lagerolympiade<br>&#8211; Lagerfeuer und Stockbrot<br>&amp; nat\u00fcrlich jede Menge Action in der Natur.<\/p>\n\n\n\n<p>W\u00e4hrend des Zeltlagers sorgen wir nat\u00fcrlich f\u00fcr die gesamte Verpflegung.<\/p>\n\n\n\n<p>Am Mittwoch, 07.06 treffen wir uns gegen 15.00 Uhr am Zeltplatz in 91282 Betzenstein (Hauptstra\u00dfe 69) und bauen eure Zelte auf und starten gem\u00fctlich in den ersten Abend am Lagerfeuer.<br>Das Zeltlager m\u00f6chten wir gemeinsam mit euren Eltern am Samstag, 10.06. mit einem Fr\u00fchst\u00fcck beenden.<\/p>\n\n\n\n<p>Nat\u00fcrlich sind viele Betreuer, die Ihr von unseren verschiedenen Veranstaltungen kennt vor Ort dabei.<\/p>\n\n\n\n<p>Alle Infos findet Ihr im beiliegenden Flyer oder erhaltet Ihr von uns unter folgender Mailadresse: jugend@scrschnaittach.de<\/p>\n\n\n\n<p>Wir freuen uns auf eure Teilnahme.<\/p>\n\n\n\n<p>Euer Zeltlagerteam vom SCR<\/p>\n\n\n\n<script type=\"application\/ld+json\">\n{\n  \"@context\": \"https:\/\/schema.org\",\n  \"@type\": \"Event\",\n  \"name\": \"SCR Zeltlager\",\n  \"description\": \"Zeltlager in Betzenstein ein! Vom 07.06. bis 10.06.2023 erwartet euch ein abwechslungsreiches Programm mit Klettergarten, Freibad, Lagerolympiade, Lagerfeuer und Naturerlebnissen. Die Verpflegung wird nat\u00fcrlich gestellt.\",\n  \"image\": \"https:\/\/www.scrschnaittach.de\/neu2013\/wordpress\/wp-content\/uploads\/2023\/05\/Zeltlager_2023.jpg\",\n  \"startDate\": \"2023-06-07T15:00\",\n  \"endDate\": \"2023-06-10T12:00\",\n  \"eventStatus\": \"https:\/\/schema.org\/EventScheduled\",\n  \"eventAttendanceMode\": \"https:\/\/schema.org\/OfflineEventAttendanceMode\",\n  \"location\": {\t\t\n    \"@type\": \"Place\",\n    \"name\": \"Zeltplatz Betzenstein\",\n    \"address\": {\n      \"@type\": \"PostalAddress\",\n      \"streetAddress\": \"Hauptstra\u00dfe 69\",\n      \"addressLocality\": \"Betzenstein\",\n      \"postalCode\": \"91282\",\n      \"addressCountry\": \"DE\"\n    }\n  },\n  \"offers\": [{\n    \"@type\": \"Offer\",\n    \"name\": \"Mitglieder\",\n    \"price\": \"60\",\n    \"priceCurrency\": \"EUR\",\n    \"validFrom\": \"\",\n    \"url\": \"\",\n    \"availability\": \"\"\n  },{\n    \"@type\": \"Offer\",\n    \"name\": \"Nichtmitglieder\",\n    \"price\": \"65\",\n    \"priceCurrency\": \"EUR\",\n    \"validFrom\": \"\",\n    \"url\": \"\",\n    \"availability\": \"\"\n  }]\n}\n<\/script>\n","protected":false},"excerpt":{"rendered":"<p>Liebe Kinder und Jugendliche, in den Pfingstferien ist es wieder soweit. Wir fahren gemeinsam im Zeitraum 07.06. bis 10.06.2023 zum Zeltlager nach Betzenstein.Euch erwarten viele verschiedene Programmpunkte wie,&#8211; Besuch im Klettergarten und im Freibad&#8211; spannende Lagerolympiade&#8211; Lagerfeuer und Stockbrot&amp; nat\u00fcrlich jede Menge Action in der Natur. W\u00e4hrend des Zeltlagers sorgen wir nat\u00fcrlich f\u00fcr die gesamte Verpflegung. Am Mittwoch, 07.06 treffen wir uns gegen 15.00 Uhr am Zeltplatz in 91282 Betzenstein (Hauptstra\u00dfe 69) und bauen eure Zelte auf und starten gem\u00fctlich in den ersten Abend am Lagerfeuer.Das Zeltlager m\u00f6chten wir gemeinsam mit euren Eltern am Samstag, 10.06. mit einem Fr\u00fchst\u00fcck beenden. Nat\u00fcrlich sind viele Betreuer, die Ihr von unseren verschiedenen Veranstaltungen kennt vor Ort dabei. Alle Infos findet Ihr im beiliegenden Flyer oder erhaltet Ihr von uns unter folgender Mailadresse: jugend@scrschnaittach.de Wir freuen uns auf eure Teilnahme. Euer Zeltlagerteam vom SCR<\/p>\n","protected":false},"author":3,"featured_media":1977,"comment_status":"closed","ping_status":"closed","sticky":false,"template":"","format":"standard","meta":{"footnotes":"","_links_to":"","_links_to_target":""},"categories":[1],"tags":[],"class_list":["post-1976","post","type-post","status-publish","format-standard","has-post-thumbnail","hentry","category-uncategorized"],"yoast_head":"<!-- This site is optimized with the Yoast SEO plugin v27.4 - https:\/\/yoast.com\/product\/yoast-seo-wordpress\/ -->\n<title>Zeltlager 2023 - SCR-Schnaittach<\/title>\n<meta name=\"robots\" content=\"index, follow, max-snippet:-1, max-image-preview:large, max-video-preview:-1\" \/>\n<link rel=\"canonical\" href=\"https:\/\/www.scrschnaittach.de\/neu2013\/wordpress\/?p=1976\" \/>\n<meta property=\"og:locale\" content=\"de_DE\" \/>\n<meta property=\"og:type\" content=\"article\" \/>\n<meta property=\"og:title\" content=\"Zeltlager 2023 - SCR-Schnaittach\" \/>\n<meta property=\"og:description\" content=\"Liebe Kinder und Jugendliche, in den Pfingstferien ist es wieder soweit. Wir fahren gemeinsam im Zeitraum 07.06. bis 10.06.2023 zum Zeltlager nach Betzenstein.Euch erwarten viele verschiedene Programmpunkte wie,&#8211; Besuch im Klettergarten und im Freibad&#8211; spannende Lagerolympiade&#8211; Lagerfeuer und Stockbrot&amp; nat\u00fcrlich jede Menge Action in der Natur. W\u00e4hrend des Zeltlagers sorgen wir nat\u00fcrlich f\u00fcr die gesamte Verpflegung. Am Mittwoch, 07.06 treffen wir uns gegen 15.00 Uhr am Zeltplatz in 91282 Betzenstein (Hauptstra\u00dfe 69) und bauen eure Zelte auf und starten gem\u00fctlich in den ersten Abend am Lagerfeuer.Das Zeltlager m\u00f6chten wir gemeinsam mit euren Eltern am Samstag, 10.06. mit einem Fr\u00fchst\u00fcck beenden. Nat\u00fcrlich sind viele Betreuer, die Ihr von unseren verschiedenen Veranstaltungen kennt vor Ort dabei. Alle Infos findet Ihr im beiliegenden Flyer oder erhaltet Ihr von uns unter folgender Mailadresse: jugend@scrschnaittach.de Wir freuen uns auf eure Teilnahme. Euer Zeltlagerteam vom SCR\" \/>\n<meta property=\"og:url\" content=\"https:\/\/www.scrschnaittach.de\/neu2013\/wordpress\/?p=1976\" \/>\n<meta property=\"og:site_name\" content=\"SCR-Schnaittach\" \/>\n<meta property=\"article:publisher\" content=\"https:\/\/www.facebook.com\/SCRSchnaittach\" \/>\n<meta property=\"article:published_time\" content=\"2023-05-12T16:04:10+00:00\" \/>\n<meta property=\"article:modified_time\" content=\"2023-05-12T16:21:35+00:00\" \/>\n<meta property=\"og:image\" content=\"https:\/\/www.scrschnaittach.de\/neu2013\/wordpress\/wp-content\/uploads\/2023\/05\/Zeltlager_2023.jpg\" \/>\n\t<meta property=\"og:image:width\" content=\"1587\" \/>\n\t<meta property=\"og:image:height\" content=\"2245\" \/>\n\t<meta property=\"og:image:type\" content=\"image\/jpeg\" \/>\n<meta name=\"author\" content=\"Matthias M\u00e4nnl\" \/>\n<meta name=\"twitter:card\" content=\"summary_large_image\" \/>\n<meta name=\"twitter:label1\" content=\"Verfasst von\" \/>\n\t<meta name=\"twitter:data1\" content=\"Matthias M\u00e4nnl\" \/>\n\t<meta name=\"twitter:label2\" content=\"Gesch\u00e4tzte Lesezeit\" \/>\n\t<meta name=\"twitter:data2\" content=\"1\u00a0Minute\" \/>\n<script type=\"application\/ld+json\" class=\"yoast-schema-graph\">{\"@context\":\"https:\\\/\\\/schema.org\",\"@graph\":[{\"@type\":\"Article\",\"@id\":\"https:\\\/\\\/www.scrschnaittach.de\\\/neu2013\\\/wordpress\\\/?p=1976#article\",\"isPartOf\":{\"@id\":\"https:\\\/\\\/www.scrschnaittach.de\\\/neu2013\\\/wordpress\\\/?p=1976\"},\"author\":{\"name\":\"Matthias M\u00e4nnl\",\"@id\":\"https:\\\/\\\/www.scrschnaittach.de\\\/neu2013\\\/wordpress\\\/#\\\/schema\\\/person\\\/bb1da523c1597ecb6fa47934fcd2bc7d\"},\"headline\":\"Zeltlager 2023\",\"datePublished\":\"2023-05-12T16:04:10+00:00\",\"dateModified\":\"2023-05-12T16:21:35+00:00\",\"mainEntityOfPage\":{\"@id\":\"https:\\\/\\\/www.scrschnaittach.de\\\/neu2013\\\/wordpress\\\/?p=1976\"},\"wordCount\":150,\"publisher\":{\"@id\":\"https:\\\/\\\/www.scrschnaittach.de\\\/neu2013\\\/wordpress\\\/#organization\"},\"image\":{\"@id\":\"https:\\\/\\\/www.scrschnaittach.de\\\/neu2013\\\/wordpress\\\/?p=1976#primaryimage\"},\"thumbnailUrl\":\"https:\\\/\\\/www.scrschnaittach.de\\\/neu2013\\\/wordpress\\\/wp-content\\\/uploads\\\/2023\\\/05\\\/Zeltlager_2023.jpg\",\"articleSection\":[\"ohne Kategorie\"],\"inLanguage\":\"de\"},{\"@type\":\"WebPage\",\"@id\":\"https:\\\/\\\/www.scrschnaittach.de\\\/neu2013\\\/wordpress\\\/?p=1976\",\"url\":\"https:\\\/\\\/www.scrschnaittach.de\\\/neu2013\\\/wordpress\\\/?p=1976\",\"name\":\"Zeltlager 2023 - SCR-Schnaittach\",\"isPartOf\":{\"@id\":\"https:\\\/\\\/www.scrschnaittach.de\\\/neu2013\\\/wordpress\\\/#website\"},\"primaryImageOfPage\":{\"@id\":\"https:\\\/\\\/www.scrschnaittach.de\\\/neu2013\\\/wordpress\\\/?p=1976#primaryimage\"},\"image\":{\"@id\":\"https:\\\/\\\/www.scrschnaittach.de\\\/neu2013\\\/wordpress\\\/?p=1976#primaryimage\"},\"thumbnailUrl\":\"https:\\\/\\\/www.scrschnaittach.de\\\/neu2013\\\/wordpress\\\/wp-content\\\/uploads\\\/2023\\\/05\\\/Zeltlager_2023.jpg\",\"datePublished\":\"2023-05-12T16:04:10+00:00\",\"dateModified\":\"2023-05-12T16:21:35+00:00\",\"breadcrumb\":{\"@id\":\"https:\\\/\\\/www.scrschnaittach.de\\\/neu2013\\\/wordpress\\\/?p=1976#breadcrumb\"},\"inLanguage\":\"de\",\"potentialAction\":[{\"@type\":\"ReadAction\",\"target\":[\"https:\\\/\\\/www.scrschnaittach.de\\\/neu2013\\\/wordpress\\\/?p=1976\"]}]},{\"@type\":\"ImageObject\",\"inLanguage\":\"de\",\"@id\":\"https:\\\/\\\/www.scrschnaittach.de\\\/neu2013\\\/wordpress\\\/?p=1976#primaryimage\",\"url\":\"https:\\\/\\\/www.scrschnaittach.de\\\/neu2013\\\/wordpress\\\/wp-content\\\/uploads\\\/2023\\\/05\\\/Zeltlager_2023.jpg\",\"contentUrl\":\"https:\\\/\\\/www.scrschnaittach.de\\\/neu2013\\\/wordpress\\\/wp-content\\\/uploads\\\/2023\\\/05\\\/Zeltlager_2023.jpg\",\"width\":1587,\"height\":2245},{\"@type\":\"BreadcrumbList\",\"@id\":\"https:\\\/\\\/www.scrschnaittach.de\\\/neu2013\\\/wordpress\\\/?p=1976#breadcrumb\",\"itemListElement\":[{\"@type\":\"ListItem\",\"position\":1,\"name\":\"Startseite\",\"item\":\"https:\\\/\\\/www.scrschnaittach.de\\\/neu2013\\\/wordpress\\\/\"},{\"@type\":\"ListItem\",\"position\":2,\"name\":\"Zeltlager 2023\"}]},{\"@type\":\"WebSite\",\"@id\":\"https:\\\/\\\/www.scrschnaittach.de\\\/neu2013\\\/wordpress\\\/#website\",\"url\":\"https:\\\/\\\/www.scrschnaittach.de\\\/neu2013\\\/wordpress\\\/\",\"name\":\"SCR-Schnaittach\",\"description\":\"Skiing - Cycling - Running\",\"publisher\":{\"@id\":\"https:\\\/\\\/www.scrschnaittach.de\\\/neu2013\\\/wordpress\\\/#organization\"},\"potentialAction\":[{\"@type\":\"SearchAction\",\"target\":{\"@type\":\"EntryPoint\",\"urlTemplate\":\"https:\\\/\\\/www.scrschnaittach.de\\\/neu2013\\\/wordpress\\\/?s={search_term_string}\"},\"query-input\":{\"@type\":\"PropertyValueSpecification\",\"valueRequired\":true,\"valueName\":\"search_term_string\"}}],\"inLanguage\":\"de\"},{\"@type\":\"Organization\",\"@id\":\"https:\\\/\\\/www.scrschnaittach.de\\\/neu2013\\\/wordpress\\\/#organization\",\"name\":\"SCR-Schnaittach\",\"url\":\"https:\\\/\\\/www.scrschnaittach.de\\\/neu2013\\\/wordpress\\\/\",\"logo\":{\"@type\":\"ImageObject\",\"inLanguage\":\"de\",\"@id\":\"https:\\\/\\\/www.scrschnaittach.de\\\/neu2013\\\/wordpress\\\/#\\\/schema\\\/logo\\\/image\\\/\",\"url\":\"https:\\\/\\\/www.scrschnaittach.de\\\/neu2013\\\/wordpress\\\/wp-content\\\/uploads\\\/2022\\\/12\\\/scrlogo.png\",\"contentUrl\":\"https:\\\/\\\/www.scrschnaittach.de\\\/neu2013\\\/wordpress\\\/wp-content\\\/uploads\\\/2022\\\/12\\\/scrlogo.png\",\"width\":77,\"height\":90,\"caption\":\"SCR-Schnaittach\"},\"image\":{\"@id\":\"https:\\\/\\\/www.scrschnaittach.de\\\/neu2013\\\/wordpress\\\/#\\\/schema\\\/logo\\\/image\\\/\"},\"sameAs\":[\"https:\\\/\\\/www.facebook.com\\\/SCRSchnaittach\"]},{\"@type\":\"Person\",\"@id\":\"https:\\\/\\\/www.scrschnaittach.de\\\/neu2013\\\/wordpress\\\/#\\\/schema\\\/person\\\/bb1da523c1597ecb6fa47934fcd2bc7d\",\"name\":\"Matthias M\u00e4nnl\",\"image\":{\"@type\":\"ImageObject\",\"inLanguage\":\"de\",\"@id\":\"https:\\\/\\\/secure.gravatar.com\\\/avatar\\\/da2104f30564915d027465fa9b696aa8571a47512bd9dd57087af0d720bbd9b1?s=96&d=mm&r=g\",\"url\":\"https:\\\/\\\/secure.gravatar.com\\\/avatar\\\/da2104f30564915d027465fa9b696aa8571a47512bd9dd57087af0d720bbd9b1?s=96&d=mm&r=g\",\"contentUrl\":\"https:\\\/\\\/secure.gravatar.com\\\/avatar\\\/da2104f30564915d027465fa9b696aa8571a47512bd9dd57087af0d720bbd9b1?s=96&d=mm&r=g\",\"caption\":\"Matthias M\u00e4nnl\"},\"url\":\"https:\\\/\\\/www.scrschnaittach.de\\\/neu2013\\\/wordpress\\\/?author=3\"}]}<\/script>\n<!-- \/ Yoast SEO plugin. -->","yoast_head_json":{"title":"Zeltlager 2023 - SCR-Schnaittach","robots":{"index":"index","follow":"follow","max-snippet":"max-snippet:-1","max-image-preview":"max-image-preview:large","max-video-preview":"max-video-preview:-1"},"canonical":"https:\/\/www.scrschnaittach.de\/neu2013\/wordpress\/?p=1976","og_locale":"de_DE","og_type":"article","og_title":"Zeltlager 2023 - SCR-Schnaittach","og_description":"Liebe Kinder und Jugendliche, in den Pfingstferien ist es wieder soweit. Wir fahren gemeinsam im Zeitraum 07.06. bis 10.06.2023 zum Zeltlager nach Betzenstein.Euch erwarten viele verschiedene Programmpunkte wie,&#8211; Besuch im Klettergarten und im Freibad&#8211; spannende Lagerolympiade&#8211; Lagerfeuer und Stockbrot&amp; nat\u00fcrlich jede Menge Action in der Natur. W\u00e4hrend des Zeltlagers sorgen wir nat\u00fcrlich f\u00fcr die gesamte Verpflegung. Am Mittwoch, 07.06 treffen wir uns gegen 15.00 Uhr am Zeltplatz in 91282 Betzenstein (Hauptstra\u00dfe 69) und bauen eure Zelte auf und starten gem\u00fctlich in den ersten Abend am Lagerfeuer.Das Zeltlager m\u00f6chten wir gemeinsam mit euren Eltern am Samstag, 10.06. mit einem Fr\u00fchst\u00fcck beenden. Nat\u00fcrlich sind viele Betreuer, die Ihr von unseren verschiedenen Veranstaltungen kennt vor Ort dabei. Alle Infos findet Ihr im beiliegenden Flyer oder erhaltet Ihr von uns unter folgender Mailadresse: jugend@scrschnaittach.de Wir freuen uns auf eure Teilnahme. Euer Zeltlagerteam vom SCR","og_url":"https:\/\/www.scrschnaittach.de\/neu2013\/wordpress\/?p=1976","og_site_name":"SCR-Schnaittach","article_publisher":"https:\/\/www.facebook.com\/SCRSchnaittach","article_published_time":"2023-05-12T16:04:10+00:00","article_modified_time":"2023-05-12T16:21:35+00:00","og_image":[{"width":1587,"height":2245,"url":"https:\/\/www.scrschnaittach.de\/neu2013\/wordpress\/wp-content\/uploads\/2023\/05\/Zeltlager_2023.jpg","type":"image\/jpeg"}],"author":"Matthias M\u00e4nnl","twitter_card":"summary_large_image","twitter_misc":{"Verfasst von":"Matthias M\u00e4nnl","Gesch\u00e4tzte Lesezeit":"1\u00a0Minute"},"schema":{"@context":"https:\/\/schema.org","@graph":[{"@type":"Article","@id":"https:\/\/www.scrschnaittach.de\/neu2013\/wordpress\/?p=1976#article","isPartOf":{"@id":"https:\/\/www.scrschnaittach.de\/neu2013\/wordpress\/?p=1976"},"author":{"name":"Matthias M\u00e4nnl","@id":"https:\/\/www.scrschnaittach.de\/neu2013\/wordpress\/#\/schema\/person\/bb1da523c1597ecb6fa47934fcd2bc7d"},"headline":"Zeltlager 2023","datePublished":"2023-05-12T16:04:10+00:00","dateModified":"2023-05-12T16:21:35+00:00","mainEntityOfPage":{"@id":"https:\/\/www.scrschnaittach.de\/neu2013\/wordpress\/?p=1976"},"wordCount":150,"publisher":{"@id":"https:\/\/www.scrschnaittach.de\/neu2013\/wordpress\/#organization"},"image":{"@id":"https:\/\/www.scrschnaittach.de\/neu2013\/wordpress\/?p=1976#primaryimage"},"thumbnailUrl":"https:\/\/www.scrschnaittach.de\/neu2013\/wordpress\/wp-content\/uploads\/2023\/05\/Zeltlager_2023.jpg","articleSection":["ohne Kategorie"],"inLanguage":"de"},{"@type":"WebPage","@id":"https:\/\/www.scrschnaittach.de\/neu2013\/wordpress\/?p=1976","url":"https:\/\/www.scrschnaittach.de\/neu2013\/wordpress\/?p=1976","name":"Zeltlager 2023 - SCR-Schnaittach","isPartOf":{"@id":"https:\/\/www.scrschnaittach.de\/neu2013\/wordpress\/#website"},"primaryImageOfPage":{"@id":"https:\/\/www.scrschnaittach.de\/neu2013\/wordpress\/?p=1976#primaryimage"},"image":{"@id":"https:\/\/www.scrschnaittach.de\/neu2013\/wordpress\/?p=1976#primaryimage"},"thumbnailUrl":"https:\/\/www.scrschnaittach.de\/neu2013\/wordpress\/wp-content\/uploads\/2023\/05\/Zeltlager_2023.jpg","datePublished":"2023-05-12T16:04:10+00:00","dateModified":"2023-05-12T16:21:35+00:00","breadcrumb":{"@id":"https:\/\/www.scrschnaittach.de\/neu2013\/wordpress\/?p=1976#breadcrumb"},"inLanguage":"de","potentialAction":[{"@type":"ReadAction","target":["https:\/\/www.scrschnaittach.de\/neu2013\/wordpress\/?p=1976"]}]},{"@type":"ImageObject","inLanguage":"de","@id":"https:\/\/www.scrschnaittach.de\/neu2013\/wordpress\/?p=1976#primaryimage","url":"https:\/\/www.scrschnaittach.de\/neu2013\/wordpress\/wp-content\/uploads\/2023\/05\/Zeltlager_2023.jpg","contentUrl":"https:\/\/www.scrschnaittach.de\/neu2013\/wordpress\/wp-content\/uploads\/2023\/05\/Zeltlager_2023.jpg","width":1587,"height":2245},{"@type":"BreadcrumbList","@id":"https:\/\/www.scrschnaittach.de\/neu2013\/wordpress\/?p=1976#breadcrumb","itemListElement":[{"@type":"ListItem","position":1,"name":"Startseite","item":"https:\/\/www.scrschnaittach.de\/neu2013\/wordpress\/"},{"@type":"ListItem","position":2,"name":"Zeltlager 2023"}]},{"@type":"WebSite","@id":"https:\/\/www.scrschnaittach.de\/neu2013\/wordpress\/#website","url":"https:\/\/www.scrschnaittach.de\/neu2013\/wordpress\/","name":"SCR-Schnaittach","description":"Skiing - Cycling - Running","publisher":{"@id":"https:\/\/www.scrschnaittach.de\/neu2013\/wordpress\/#organization"},"potentialAction":[{"@type":"SearchAction","target":{"@type":"EntryPoint","urlTemplate":"https:\/\/www.scrschnaittach.de\/neu2013\/wordpress\/?s={search_term_string}"},"query-input":{"@type":"PropertyValueSpecification","valueRequired":true,"valueName":"search_term_string"}}],"inLanguage":"de"},{"@type":"Organization","@id":"https:\/\/www.scrschnaittach.de\/neu2013\/wordpress\/#organization","name":"SCR-Schnaittach","url":"https:\/\/www.scrschnaittach.de\/neu2013\/wordpress\/","logo":{"@type":"ImageObject","inLanguage":"de","@id":"https:\/\/www.scrschnaittach.de\/neu2013\/wordpress\/#\/schema\/logo\/image\/","url":"https:\/\/www.scrschnaittach.de\/neu2013\/wordpress\/wp-content\/uploads\/2022\/12\/scrlogo.png","contentUrl":"https:\/\/www.scrschnaittach.de\/neu2013\/wordpress\/wp-content\/uploads\/2022\/12\/scrlogo.png","width":77,"height":90,"caption":"SCR-Schnaittach"},"image":{"@id":"https:\/\/www.scrschnaittach.de\/neu2013\/wordpress\/#\/schema\/logo\/image\/"},"sameAs":["https:\/\/www.facebook.com\/SCRSchnaittach"]},{"@type":"Person","@id":"https:\/\/www.scrschnaittach.de\/neu2013\/wordpress\/#\/schema\/person\/bb1da523c1597ecb6fa47934fcd2bc7d","name":"Matthias M\u00e4nnl","image":{"@type":"ImageObject","inLanguage":"de","@id":"https:\/\/secure.gravatar.com\/avatar\/da2104f30564915d027465fa9b696aa8571a47512bd9dd57087af0d720bbd9b1?s=96&d=mm&r=g","url":"https:\/\/secure.gravatar.com\/avatar\/da2104f30564915d027465fa9b696aa8571a47512bd9dd57087af0d720bbd9b1?s=96&d=mm&r=g","contentUrl":"https:\/\/secure.gravatar.com\/avatar\/da2104f30564915d027465fa9b696aa8571a47512bd9dd57087af0d720bbd9b1?s=96&d=mm&r=g","caption":"Matthias M\u00e4nnl"},"url":"https:\/\/www.scrschnaittach.de\/neu2013\/wordpress\/?author=3"}]}},"_links":{"self":[{"href":"https:\/\/www.scrschnaittach.de\/neu2013\/wordpress\/index.php?rest_route=\/wp\/v2\/posts\/1976","targetHints":{"allow":["GET"]}}],"collection":[{"href":"https:\/\/www.scrschnaittach.de\/neu2013\/wordpress\/index.php?rest_route=\/wp\/v2\/posts"}],"about":[{"href":"https:\/\/www.scrschnaittach.de\/neu2013\/wordpress\/index.php?rest_route=\/wp\/v2\/types\/post"}],"author":[{"embeddable":true,"href":"https:\/\/www.scrschnaittach.de\/neu2013\/wordpress\/index.php?rest_route=\/wp\/v2\/users\/3"}],"replies":[{"embeddable":true,"href":"https:\/\/www.scrschnaittach.de\/neu2013\/wordpress\/index.php?rest_route=%2Fwp%2Fv2%2Fcomments&post=1976"}],"version-history":[{"count":2,"href":"https:\/\/www.scrschnaittach.de\/neu2013\/wordpress\/index.php?rest_route=\/wp\/v2\/posts\/1976\/revisions"}],"predecessor-version":[{"id":1989,"href":"https:\/\/www.scrschnaittach.de\/neu2013\/wordpress\/index.php?rest_route=\/wp\/v2\/posts\/1976\/revisions\/1989"}],"wp:featuredmedia":[{"embeddable":true,"href":"https:\/\/www.scrschnaittach.de\/neu2013\/wordpress\/index.php?rest_route=\/wp\/v2\/media\/1977"}],"wp:attachment":[{"href":"https:\/\/www.scrschnaittach.de\/neu2013\/wordpress\/index.php?rest_route=%2Fwp%2Fv2%2Fmedia&parent=1976"}],"wp:term":[{"taxonomy":"category","embeddable":true,"href":"https:\/\/www.scrschnaittach.de\/neu2013\/wordpress\/index.php?rest_route=%2Fwp%2Fv2%2Fcategories&post=1976"},{"taxonomy":"post_tag","embeddable":true,"href":"https:\/\/www.scrschnaittach.de\/neu2013\/wordpress\/index.php?rest_route=%2Fwp%2Fv2%2Ftags&post=1976"}],"curies":[{"name":"wp","href":"https:\/\/api.w.org\/{rel}","templated":true}]}}