{"id":1579,"date":"2022-10-14T08:01:33","date_gmt":"2022-10-14T06:01:33","guid":{"rendered":"https:\/\/www.scrschnaittach.de\/neu2013\/wordpress\/?p=1579"},"modified":"2022-10-14T08:02:55","modified_gmt":"2022-10-14T06:02:55","slug":"skicamp-st-johann-2023","status":"publish","type":"post","link":"https:\/\/www.scrschnaittach.de\/neu2013\/wordpress\/?p=1579","title":{"rendered":"Skicamp St. Johann 2023"},"content":{"rendered":"\n<p>Liebe Vereinsmitglieder,<\/p>\n\n\n\n<p>nachfolgend findet Ihr die Ausschreibung f\u00fcr unser geplantes Skicamp St. Johann 2023. Wir m\u00fcssen die Anzahl der Teilnehmer bis Anfang November melden. Daher bitten wir Euch um&nbsp;<strong>verbindliche Anmeldung bis 30.10.2022.<\/strong><\/p>\n\n\n\n<p><strong>Zeitpunkt<\/strong>: 3.1. \u2013 6.1.2023<br><strong>Hotel<\/strong>: Niederstrasserhof, Eberhartling 1, A-6372 Oberndorf bei Kitzb\u00fchel Fon: 0043-5352-63651,&nbsp;<a href=\"http:\/\/www.niederstrasserhof.at\/\">www.niederstrasserhof.at<\/a><br><strong>Verpflegung<\/strong>: Halbpension<br><strong>Ausweise<\/strong>: Bitte Ausweise f\u00fcr alle Familienmitglieder mitnehmen<br><strong>Ansprechpartner<\/strong>: Oliver Unterburger: 0151\/44346605, Matthias M\u00e4nnl: 0172\/8137585<br><strong>Skigebiet<\/strong>: Skiregion Oberndorf\/St. Johann bzw. Fieberbrunn,&nbsp;&nbsp;<a href=\"http:\/\/www.bergbahnen-stjohann.at\/\">www.bergbahnen-stjohann.at<\/a>&nbsp;und&nbsp;<a href=\"http:\/\/www.bergbahnen-fieberbrunn.at\/\">www.bergbahnen-fieberbrunn.at<\/a><br><strong>Anreise<\/strong>: Mit eigenem PKW<br><strong>Zimmereinteilung<\/strong>: Am 3.1.23 ab 10.00 Uhr im Hotel<br><strong>Skikurseinteilung<\/strong>: Am 3.1.23 ab 12.00 Uhr im Skigebiet, wird vor Ort gekl\u00e4rt<br><strong>Preise<\/strong>: Erwachsene 330,&#8211; \u20ac, Jugendliche (Jg. 2004-2006) 275,&#8211; \u20ac, Kinder (Jg. 2007-2016) 230,&#8211; \u20ac. Nicht-Mitglieder + 50,&#8211; \u20ac, Teilnahme am Skikurs nur f\u00fcr Mitglieder!<br><strong>Anmeldung\/Zahlungsweise:&nbsp;<\/strong><br>Wir bitten um&nbsp;<strong>verbindliche Anmeldung bis 30.10.2022<\/strong><br><strong>Zahlung bei Anmeldung 100,&#8211; \u20ac pro Person, Restzahlung bis sp\u00e4testens 01.12.2022!<\/strong><br>Kontoverbindung: Matthias M\u00e4nnl, IBAN DE18 5001 0517 XXXX YYYY 67<\/p>\n\n\n\n<p>Mit sportlichen Gr\u00fc\u00dfen<br>Die Vorstandschaft<\/p>\n","protected":false},"excerpt":{"rendered":"<p>Liebe Vereinsmitglieder, nachfolgend findet Ihr die Ausschreibung f\u00fcr unser geplantes Skicamp St. Johann 2023. Wir m\u00fcssen die Anzahl der Teilnehmer bis Anfang November melden. Daher bitten wir Euch um&nbsp;verbindliche Anmeldung bis 30.10.2022. Zeitpunkt: 3.1. \u2013 6.1.2023Hotel: Niederstrasserhof, Eberhartling 1, A-6372 Oberndorf bei Kitzb\u00fchel Fon: 0043-5352-63651,&nbsp;www.niederstrasserhof.atVerpflegung: HalbpensionAusweise: Bitte Ausweise f\u00fcr alle Familienmitglieder mitnehmenAnsprechpartner: Oliver Unterburger: 0151\/44346605, Matthias M\u00e4nnl: 0172\/8137585Skigebiet: Skiregion Oberndorf\/St. Johann bzw. Fieberbrunn,&nbsp;&nbsp;www.bergbahnen-stjohann.at&nbsp;und&nbsp;www.bergbahnen-fieberbrunn.atAnreise: Mit eigenem PKWZimmereinteilung: Am 3.1.23 ab 10.00 Uhr im HotelSkikurseinteilung: Am 3.1.23 ab 12.00 Uhr im Skigebiet, wird vor Ort gekl\u00e4rtPreise: Erwachsene 330,&#8211; \u20ac, Jugendliche (Jg. 2004-2006) 275,&#8211; \u20ac, Kinder (Jg. 2007-2016) 230,&#8211; \u20ac. Nicht-Mitglieder + 50,&#8211; \u20ac, Teilnahme am Skikurs nur f\u00fcr Mitglieder!Anmeldung\/Zahlungsweise:&nbsp;Wir bitten um&nbsp;verbindliche Anmeldung bis 30.10.2022Zahlung bei Anmeldung 100,&#8211; \u20ac pro Person, Restzahlung bis sp\u00e4testens 01.12.2022!Kontoverbindung: Matthias M\u00e4nnl, IBAN DE18 5001 0517 XXXX YYYY 67 Mit sportlichen Gr\u00fc\u00dfenDie Vorstandschaft<\/p>\n","protected":false},"author":8,"featured_media":1580,"comment_status":"closed","ping_status":"closed","sticky":false,"template":"","format":"standard","meta":{"footnotes":"","_links_to":"","_links_to_target":""},"categories":[2],"tags":[],"class_list":["post-1579","post","type-post","status-publish","format-standard","has-post-thumbnail","hentry","category-ski-alpin"],"yoast_head":"<!-- This site is optimized with the Yoast SEO plugin v27.4 - https:\/\/yoast.com\/product\/yoast-seo-wordpress\/ -->\n<title>Skicamp St. Johann 2023 - SCR-Schnaittach<\/title>\n<meta name=\"robots\" content=\"index, follow, max-snippet:-1, max-image-preview:large, max-video-preview:-1\" \/>\n<link rel=\"canonical\" href=\"https:\/\/www.scrschnaittach.de\/neu2013\/wordpress\/?p=1579\" \/>\n<meta property=\"og:locale\" content=\"de_DE\" \/>\n<meta property=\"og:type\" content=\"article\" \/>\n<meta property=\"og:title\" content=\"Skicamp St. Johann 2023 - SCR-Schnaittach\" \/>\n<meta property=\"og:description\" content=\"Liebe Vereinsmitglieder, nachfolgend findet Ihr die Ausschreibung f\u00fcr unser geplantes Skicamp St. Johann 2023. Wir m\u00fcssen die Anzahl der Teilnehmer bis Anfang November melden. Daher bitten wir Euch um&nbsp;verbindliche Anmeldung bis 30.10.2022. Zeitpunkt: 3.1. \u2013 6.1.2023Hotel: Niederstrasserhof, Eberhartling 1, A-6372 Oberndorf bei Kitzb\u00fchel Fon: 0043-5352-63651,&nbsp;www.niederstrasserhof.atVerpflegung: HalbpensionAusweise: Bitte Ausweise f\u00fcr alle Familienmitglieder mitnehmenAnsprechpartner: Oliver Unterburger: 0151\/44346605, Matthias M\u00e4nnl: 0172\/8137585Skigebiet: Skiregion Oberndorf\/St. Johann bzw. Fieberbrunn,&nbsp;&nbsp;www.bergbahnen-stjohann.at&nbsp;und&nbsp;www.bergbahnen-fieberbrunn.atAnreise: Mit eigenem PKWZimmereinteilung: Am 3.1.23 ab 10.00 Uhr im HotelSkikurseinteilung: Am 3.1.23 ab 12.00 Uhr im Skigebiet, wird vor Ort gekl\u00e4rtPreise: Erwachsene 330,&#8211; \u20ac, Jugendliche (Jg. 2004-2006) 275,&#8211; \u20ac, Kinder (Jg. 2007-2016) 230,&#8211; \u20ac. Nicht-Mitglieder + 50,&#8211; \u20ac, Teilnahme am Skikurs nur f\u00fcr Mitglieder!Anmeldung\/Zahlungsweise:&nbsp;Wir bitten um&nbsp;verbindliche Anmeldung bis 30.10.2022Zahlung bei Anmeldung 100,&#8211; \u20ac pro Person, Restzahlung bis sp\u00e4testens 01.12.2022!Kontoverbindung: Matthias M\u00e4nnl, IBAN DE18 5001 0517 XXXX YYYY 67 Mit sportlichen Gr\u00fc\u00dfenDie Vorstandschaft\" \/>\n<meta property=\"og:url\" content=\"https:\/\/www.scrschnaittach.de\/neu2013\/wordpress\/?p=1579\" \/>\n<meta property=\"og:site_name\" content=\"SCR-Schnaittach\" \/>\n<meta property=\"article:publisher\" content=\"https:\/\/www.facebook.com\/SCRSchnaittach\" \/>\n<meta property=\"article:published_time\" content=\"2022-10-14T06:01:33+00:00\" \/>\n<meta property=\"article:modified_time\" content=\"2022-10-14T06:02:55+00:00\" \/>\n<meta property=\"og:image\" content=\"https:\/\/www.scrschnaittach.de\/neu2013\/wordpress\/wp-content\/uploads\/2022\/10\/St.-Johann_komplett.jpg\" \/>\n\t<meta property=\"og:image:width\" content=\"1048\" \/>\n\t<meta property=\"og:image:height\" content=\"1488\" \/>\n\t<meta property=\"og:image:type\" content=\"image\/jpeg\" \/>\n<meta name=\"author\" content=\"Bruno Schmidt\" \/>\n<meta name=\"twitter:card\" content=\"summary_large_image\" \/>\n<meta name=\"twitter:label1\" content=\"Verfasst von\" \/>\n\t<meta name=\"twitter:data1\" content=\"Bruno Schmidt\" \/>\n\t<meta name=\"twitter:label2\" content=\"Gesch\u00e4tzte Lesezeit\" \/>\n\t<meta name=\"twitter:data2\" content=\"1\u00a0Minute\" \/>\n<script type=\"application\/ld+json\" class=\"yoast-schema-graph\">{\"@context\":\"https:\\\/\\\/schema.org\",\"@graph\":[{\"@type\":\"Article\",\"@id\":\"https:\\\/\\\/www.scrschnaittach.de\\\/neu2013\\\/wordpress\\\/?p=1579#article\",\"isPartOf\":{\"@id\":\"https:\\\/\\\/www.scrschnaittach.de\\\/neu2013\\\/wordpress\\\/?p=1579\"},\"author\":{\"name\":\"Bruno Schmidt\",\"@id\":\"https:\\\/\\\/www.scrschnaittach.de\\\/neu2013\\\/wordpress\\\/#\\\/schema\\\/person\\\/88caa89943dfb0ff03d735bae5abf3da\"},\"headline\":\"Skicamp St. Johann 2023\",\"datePublished\":\"2022-10-14T06:01:33+00:00\",\"dateModified\":\"2022-10-14T06:02:55+00:00\",\"mainEntityOfPage\":{\"@id\":\"https:\\\/\\\/www.scrschnaittach.de\\\/neu2013\\\/wordpress\\\/?p=1579\"},\"wordCount\":161,\"publisher\":{\"@id\":\"https:\\\/\\\/www.scrschnaittach.de\\\/neu2013\\\/wordpress\\\/#organization\"},\"image\":{\"@id\":\"https:\\\/\\\/www.scrschnaittach.de\\\/neu2013\\\/wordpress\\\/?p=1579#primaryimage\"},\"thumbnailUrl\":\"https:\\\/\\\/www.scrschnaittach.de\\\/neu2013\\\/wordpress\\\/wp-content\\\/uploads\\\/2022\\\/10\\\/St.-Johann_komplett.jpg\",\"articleSection\":[\"Ski-Alpin\"],\"inLanguage\":\"de\"},{\"@type\":\"WebPage\",\"@id\":\"https:\\\/\\\/www.scrschnaittach.de\\\/neu2013\\\/wordpress\\\/?p=1579\",\"url\":\"https:\\\/\\\/www.scrschnaittach.de\\\/neu2013\\\/wordpress\\\/?p=1579\",\"name\":\"Skicamp St. Johann 2023 - SCR-Schnaittach\",\"isPartOf\":{\"@id\":\"https:\\\/\\\/www.scrschnaittach.de\\\/neu2013\\\/wordpress\\\/#website\"},\"primaryImageOfPage\":{\"@id\":\"https:\\\/\\\/www.scrschnaittach.de\\\/neu2013\\\/wordpress\\\/?p=1579#primaryimage\"},\"image\":{\"@id\":\"https:\\\/\\\/www.scrschnaittach.de\\\/neu2013\\\/wordpress\\\/?p=1579#primaryimage\"},\"thumbnailUrl\":\"https:\\\/\\\/www.scrschnaittach.de\\\/neu2013\\\/wordpress\\\/wp-content\\\/uploads\\\/2022\\\/10\\\/St.-Johann_komplett.jpg\",\"datePublished\":\"2022-10-14T06:01:33+00:00\",\"dateModified\":\"2022-10-14T06:02:55+00:00\",\"breadcrumb\":{\"@id\":\"https:\\\/\\\/www.scrschnaittach.de\\\/neu2013\\\/wordpress\\\/?p=1579#breadcrumb\"},\"inLanguage\":\"de\",\"potentialAction\":[{\"@type\":\"ReadAction\",\"target\":[\"https:\\\/\\\/www.scrschnaittach.de\\\/neu2013\\\/wordpress\\\/?p=1579\"]}]},{\"@type\":\"ImageObject\",\"inLanguage\":\"de\",\"@id\":\"https:\\\/\\\/www.scrschnaittach.de\\\/neu2013\\\/wordpress\\\/?p=1579#primaryimage\",\"url\":\"https:\\\/\\\/www.scrschnaittach.de\\\/neu2013\\\/wordpress\\\/wp-content\\\/uploads\\\/2022\\\/10\\\/St.-Johann_komplett.jpg\",\"contentUrl\":\"https:\\\/\\\/www.scrschnaittach.de\\\/neu2013\\\/wordpress\\\/wp-content\\\/uploads\\\/2022\\\/10\\\/St.-Johann_komplett.jpg\",\"width\":1048,\"height\":1488},{\"@type\":\"BreadcrumbList\",\"@id\":\"https:\\\/\\\/www.scrschnaittach.de\\\/neu2013\\\/wordpress\\\/?p=1579#breadcrumb\",\"itemListElement\":[{\"@type\":\"ListItem\",\"position\":1,\"name\":\"Startseite\",\"item\":\"https:\\\/\\\/www.scrschnaittach.de\\\/neu2013\\\/wordpress\\\/\"},{\"@type\":\"ListItem\",\"position\":2,\"name\":\"Skicamp St. Johann 2023\"}]},{\"@type\":\"WebSite\",\"@id\":\"https:\\\/\\\/www.scrschnaittach.de\\\/neu2013\\\/wordpress\\\/#website\",\"url\":\"https:\\\/\\\/www.scrschnaittach.de\\\/neu2013\\\/wordpress\\\/\",\"name\":\"SCR-Schnaittach\",\"description\":\"Skiing - Cycling - Running\",\"publisher\":{\"@id\":\"https:\\\/\\\/www.scrschnaittach.de\\\/neu2013\\\/wordpress\\\/#organization\"},\"potentialAction\":[{\"@type\":\"SearchAction\",\"target\":{\"@type\":\"EntryPoint\",\"urlTemplate\":\"https:\\\/\\\/www.scrschnaittach.de\\\/neu2013\\\/wordpress\\\/?s={search_term_string}\"},\"query-input\":{\"@type\":\"PropertyValueSpecification\",\"valueRequired\":true,\"valueName\":\"search_term_string\"}}],\"inLanguage\":\"de\"},{\"@type\":\"Organization\",\"@id\":\"https:\\\/\\\/www.scrschnaittach.de\\\/neu2013\\\/wordpress\\\/#organization\",\"name\":\"SCR-Schnaittach\",\"url\":\"https:\\\/\\\/www.scrschnaittach.de\\\/neu2013\\\/wordpress\\\/\",\"logo\":{\"@type\":\"ImageObject\",\"inLanguage\":\"de\",\"@id\":\"https:\\\/\\\/www.scrschnaittach.de\\\/neu2013\\\/wordpress\\\/#\\\/schema\\\/logo\\\/image\\\/\",\"url\":\"https:\\\/\\\/www.scrschnaittach.de\\\/neu2013\\\/wordpress\\\/wp-content\\\/uploads\\\/2022\\\/12\\\/scrlogo.png\",\"contentUrl\":\"https:\\\/\\\/www.scrschnaittach.de\\\/neu2013\\\/wordpress\\\/wp-content\\\/uploads\\\/2022\\\/12\\\/scrlogo.png\",\"width\":77,\"height\":90,\"caption\":\"SCR-Schnaittach\"},\"image\":{\"@id\":\"https:\\\/\\\/www.scrschnaittach.de\\\/neu2013\\\/wordpress\\\/#\\\/schema\\\/logo\\\/image\\\/\"},\"sameAs\":[\"https:\\\/\\\/www.facebook.com\\\/SCRSchnaittach\"]},{\"@type\":\"Person\",\"@id\":\"https:\\\/\\\/www.scrschnaittach.de\\\/neu2013\\\/wordpress\\\/#\\\/schema\\\/person\\\/88caa89943dfb0ff03d735bae5abf3da\",\"name\":\"Bruno Schmidt\",\"image\":{\"@type\":\"ImageObject\",\"inLanguage\":\"de\",\"@id\":\"https:\\\/\\\/secure.gravatar.com\\\/avatar\\\/aa4fcb7e39c8b496b9c7856452a326e91c2f0cb87e9ce0043333074798749a1d?s=96&d=mm&r=g\",\"url\":\"https:\\\/\\\/secure.gravatar.com\\\/avatar\\\/aa4fcb7e39c8b496b9c7856452a326e91c2f0cb87e9ce0043333074798749a1d?s=96&d=mm&r=g\",\"contentUrl\":\"https:\\\/\\\/secure.gravatar.com\\\/avatar\\\/aa4fcb7e39c8b496b9c7856452a326e91c2f0cb87e9ce0043333074798749a1d?s=96&d=mm&r=g\",\"caption\":\"Bruno Schmidt\"},\"url\":\"https:\\\/\\\/www.scrschnaittach.de\\\/neu2013\\\/wordpress\\\/?author=8\"}]}<\/script>\n<!-- \/ Yoast SEO plugin. -->","yoast_head_json":{"title":"Skicamp St. Johann 2023 - SCR-Schnaittach","robots":{"index":"index","follow":"follow","max-snippet":"max-snippet:-1","max-image-preview":"max-image-preview:large","max-video-preview":"max-video-preview:-1"},"canonical":"https:\/\/www.scrschnaittach.de\/neu2013\/wordpress\/?p=1579","og_locale":"de_DE","og_type":"article","og_title":"Skicamp St. Johann 2023 - SCR-Schnaittach","og_description":"Liebe Vereinsmitglieder, nachfolgend findet Ihr die Ausschreibung f\u00fcr unser geplantes Skicamp St. Johann 2023. Wir m\u00fcssen die Anzahl der Teilnehmer bis Anfang November melden. Daher bitten wir Euch um&nbsp;verbindliche Anmeldung bis 30.10.2022. Zeitpunkt: 3.1. \u2013 6.1.2023Hotel: Niederstrasserhof, Eberhartling 1, A-6372 Oberndorf bei Kitzb\u00fchel Fon: 0043-5352-63651,&nbsp;www.niederstrasserhof.atVerpflegung: HalbpensionAusweise: Bitte Ausweise f\u00fcr alle Familienmitglieder mitnehmenAnsprechpartner: Oliver Unterburger: 0151\/44346605, Matthias M\u00e4nnl: 0172\/8137585Skigebiet: Skiregion Oberndorf\/St. Johann bzw. Fieberbrunn,&nbsp;&nbsp;www.bergbahnen-stjohann.at&nbsp;und&nbsp;www.bergbahnen-fieberbrunn.atAnreise: Mit eigenem PKWZimmereinteilung: Am 3.1.23 ab 10.00 Uhr im HotelSkikurseinteilung: Am 3.1.23 ab 12.00 Uhr im Skigebiet, wird vor Ort gekl\u00e4rtPreise: Erwachsene 330,&#8211; \u20ac, Jugendliche (Jg. 2004-2006) 275,&#8211; \u20ac, Kinder (Jg. 2007-2016) 230,&#8211; \u20ac. Nicht-Mitglieder + 50,&#8211; \u20ac, Teilnahme am Skikurs nur f\u00fcr Mitglieder!Anmeldung\/Zahlungsweise:&nbsp;Wir bitten um&nbsp;verbindliche Anmeldung bis 30.10.2022Zahlung bei Anmeldung 100,&#8211; \u20ac pro Person, Restzahlung bis sp\u00e4testens 01.12.2022!Kontoverbindung: Matthias M\u00e4nnl, IBAN DE18 5001 0517 XXXX YYYY 67 Mit sportlichen Gr\u00fc\u00dfenDie Vorstandschaft","og_url":"https:\/\/www.scrschnaittach.de\/neu2013\/wordpress\/?p=1579","og_site_name":"SCR-Schnaittach","article_publisher":"https:\/\/www.facebook.com\/SCRSchnaittach","article_published_time":"2022-10-14T06:01:33+00:00","article_modified_time":"2022-10-14T06:02:55+00:00","og_image":[{"width":1048,"height":1488,"url":"https:\/\/www.scrschnaittach.de\/neu2013\/wordpress\/wp-content\/uploads\/2022\/10\/St.-Johann_komplett.jpg","type":"image\/jpeg"}],"author":"Bruno Schmidt","twitter_card":"summary_large_image","twitter_misc":{"Verfasst von":"Bruno Schmidt","Gesch\u00e4tzte Lesezeit":"1\u00a0Minute"},"schema":{"@context":"https:\/\/schema.org","@graph":[{"@type":"Article","@id":"https:\/\/www.scrschnaittach.de\/neu2013\/wordpress\/?p=1579#article","isPartOf":{"@id":"https:\/\/www.scrschnaittach.de\/neu2013\/wordpress\/?p=1579"},"author":{"name":"Bruno Schmidt","@id":"https:\/\/www.scrschnaittach.de\/neu2013\/wordpress\/#\/schema\/person\/88caa89943dfb0ff03d735bae5abf3da"},"headline":"Skicamp St. Johann 2023","datePublished":"2022-10-14T06:01:33+00:00","dateModified":"2022-10-14T06:02:55+00:00","mainEntityOfPage":{"@id":"https:\/\/www.scrschnaittach.de\/neu2013\/wordpress\/?p=1579"},"wordCount":161,"publisher":{"@id":"https:\/\/www.scrschnaittach.de\/neu2013\/wordpress\/#organization"},"image":{"@id":"https:\/\/www.scrschnaittach.de\/neu2013\/wordpress\/?p=1579#primaryimage"},"thumbnailUrl":"https:\/\/www.scrschnaittach.de\/neu2013\/wordpress\/wp-content\/uploads\/2022\/10\/St.-Johann_komplett.jpg","articleSection":["Ski-Alpin"],"inLanguage":"de"},{"@type":"WebPage","@id":"https:\/\/www.scrschnaittach.de\/neu2013\/wordpress\/?p=1579","url":"https:\/\/www.scrschnaittach.de\/neu2013\/wordpress\/?p=1579","name":"Skicamp St. Johann 2023 - SCR-Schnaittach","isPartOf":{"@id":"https:\/\/www.scrschnaittach.de\/neu2013\/wordpress\/#website"},"primaryImageOfPage":{"@id":"https:\/\/www.scrschnaittach.de\/neu2013\/wordpress\/?p=1579#primaryimage"},"image":{"@id":"https:\/\/www.scrschnaittach.de\/neu2013\/wordpress\/?p=1579#primaryimage"},"thumbnailUrl":"https:\/\/www.scrschnaittach.de\/neu2013\/wordpress\/wp-content\/uploads\/2022\/10\/St.-Johann_komplett.jpg","datePublished":"2022-10-14T06:01:33+00:00","dateModified":"2022-10-14T06:02:55+00:00","breadcrumb":{"@id":"https:\/\/www.scrschnaittach.de\/neu2013\/wordpress\/?p=1579#breadcrumb"},"inLanguage":"de","potentialAction":[{"@type":"ReadAction","target":["https:\/\/www.scrschnaittach.de\/neu2013\/wordpress\/?p=1579"]}]},{"@type":"ImageObject","inLanguage":"de","@id":"https:\/\/www.scrschnaittach.de\/neu2013\/wordpress\/?p=1579#primaryimage","url":"https:\/\/www.scrschnaittach.de\/neu2013\/wordpress\/wp-content\/uploads\/2022\/10\/St.-Johann_komplett.jpg","contentUrl":"https:\/\/www.scrschnaittach.de\/neu2013\/wordpress\/wp-content\/uploads\/2022\/10\/St.-Johann_komplett.jpg","width":1048,"height":1488},{"@type":"BreadcrumbList","@id":"https:\/\/www.scrschnaittach.de\/neu2013\/wordpress\/?p=1579#breadcrumb","itemListElement":[{"@type":"ListItem","position":1,"name":"Startseite","item":"https:\/\/www.scrschnaittach.de\/neu2013\/wordpress\/"},{"@type":"ListItem","position":2,"name":"Skicamp St. Johann 2023"}]},{"@type":"WebSite","@id":"https:\/\/www.scrschnaittach.de\/neu2013\/wordpress\/#website","url":"https:\/\/www.scrschnaittach.de\/neu2013\/wordpress\/","name":"SCR-Schnaittach","description":"Skiing - Cycling - Running","publisher":{"@id":"https:\/\/www.scrschnaittach.de\/neu2013\/wordpress\/#organization"},"potentialAction":[{"@type":"SearchAction","target":{"@type":"EntryPoint","urlTemplate":"https:\/\/www.scrschnaittach.de\/neu2013\/wordpress\/?s={search_term_string}"},"query-input":{"@type":"PropertyValueSpecification","valueRequired":true,"valueName":"search_term_string"}}],"inLanguage":"de"},{"@type":"Organization","@id":"https:\/\/www.scrschnaittach.de\/neu2013\/wordpress\/#organization","name":"SCR-Schnaittach","url":"https:\/\/www.scrschnaittach.de\/neu2013\/wordpress\/","logo":{"@type":"ImageObject","inLanguage":"de","@id":"https:\/\/www.scrschnaittach.de\/neu2013\/wordpress\/#\/schema\/logo\/image\/","url":"https:\/\/www.scrschnaittach.de\/neu2013\/wordpress\/wp-content\/uploads\/2022\/12\/scrlogo.png","contentUrl":"https:\/\/www.scrschnaittach.de\/neu2013\/wordpress\/wp-content\/uploads\/2022\/12\/scrlogo.png","width":77,"height":90,"caption":"SCR-Schnaittach"},"image":{"@id":"https:\/\/www.scrschnaittach.de\/neu2013\/wordpress\/#\/schema\/logo\/image\/"},"sameAs":["https:\/\/www.facebook.com\/SCRSchnaittach"]},{"@type":"Person","@id":"https:\/\/www.scrschnaittach.de\/neu2013\/wordpress\/#\/schema\/person\/88caa89943dfb0ff03d735bae5abf3da","name":"Bruno Schmidt","image":{"@type":"ImageObject","inLanguage":"de","@id":"https:\/\/secure.gravatar.com\/avatar\/aa4fcb7e39c8b496b9c7856452a326e91c2f0cb87e9ce0043333074798749a1d?s=96&d=mm&r=g","url":"https:\/\/secure.gravatar.com\/avatar\/aa4fcb7e39c8b496b9c7856452a326e91c2f0cb87e9ce0043333074798749a1d?s=96&d=mm&r=g","contentUrl":"https:\/\/secure.gravatar.com\/avatar\/aa4fcb7e39c8b496b9c7856452a326e91c2f0cb87e9ce0043333074798749a1d?s=96&d=mm&r=g","caption":"Bruno Schmidt"},"url":"https:\/\/www.scrschnaittach.de\/neu2013\/wordpress\/?author=8"}]}},"_links":{"self":[{"href":"https:\/\/www.scrschnaittach.de\/neu2013\/wordpress\/index.php?rest_route=\/wp\/v2\/posts\/1579","targetHints":{"allow":["GET"]}}],"collection":[{"href":"https:\/\/www.scrschnaittach.de\/neu2013\/wordpress\/index.php?rest_route=\/wp\/v2\/posts"}],"about":[{"href":"https:\/\/www.scrschnaittach.de\/neu2013\/wordpress\/index.php?rest_route=\/wp\/v2\/types\/post"}],"author":[{"embeddable":true,"href":"https:\/\/www.scrschnaittach.de\/neu2013\/wordpress\/index.php?rest_route=\/wp\/v2\/users\/8"}],"replies":[{"embeddable":true,"href":"https:\/\/www.scrschnaittach.de\/neu2013\/wordpress\/index.php?rest_route=%2Fwp%2Fv2%2Fcomments&post=1579"}],"version-history":[{"count":2,"href":"https:\/\/www.scrschnaittach.de\/neu2013\/wordpress\/index.php?rest_route=\/wp\/v2\/posts\/1579\/revisions"}],"predecessor-version":[{"id":1582,"href":"https:\/\/www.scrschnaittach.de\/neu2013\/wordpress\/index.php?rest_route=\/wp\/v2\/posts\/1579\/revisions\/1582"}],"wp:featuredmedia":[{"embeddable":true,"href":"https:\/\/www.scrschnaittach.de\/neu2013\/wordpress\/index.php?rest_route=\/wp\/v2\/media\/1580"}],"wp:attachment":[{"href":"https:\/\/www.scrschnaittach.de\/neu2013\/wordpress\/index.php?rest_route=%2Fwp%2Fv2%2Fmedia&parent=1579"}],"wp:term":[{"taxonomy":"category","embeddable":true,"href":"https:\/\/www.scrschnaittach.de\/neu2013\/wordpress\/index.php?rest_route=%2Fwp%2Fv2%2Fcategories&post=1579"},{"taxonomy":"post_tag","embeddable":true,"href":"https:\/\/www.scrschnaittach.de\/neu2013\/wordpress\/index.php?rest_route=%2Fwp%2Fv2%2Ftags&post=1579"}],"curies":[{"name":"wp","href":"https:\/\/api.w.org\/{rel}","templated":true}]}}