{"id":1572,"date":"2022-09-17T18:29:48","date_gmt":"2022-09-17T16:29:48","guid":{"rendered":"https:\/\/www.scrschnaittach.de\/neu2013\/wordpress\/?p=1572"},"modified":"2022-09-29T13:58:47","modified_gmt":"2022-09-29T11:58:47","slug":"hallentraining-2022","status":"publish","type":"post","link":"https:\/\/www.scrschnaittach.de\/neu2013\/wordpress\/?p=1572","title":{"rendered":"Hallentraining 2022"},"content":{"rendered":"\n<p>Liebe Vereinsmitglieder,<\/p>\n\n\n\n<p>so schnell kann es gehen. Gestern bekammen wir von der Marktgemeinde Schnaittach die Mitteilung, dass sich die Hallenbelegungspl\u00e4ne ab 4. Oktober 2022 \u00e4ndern.&nbsp;<strong>Ab kommender Woche sind wir in der Turnhalle der Grundschule und alle Kurse starten 15 Minuten fr\u00fcher.<\/strong><\/p>\n\n\n\n<p><strong>Hallentraining neu:<\/strong><br><br>Mutter\/Vater+Kind-Fit (ab 3 Jahre): ab 5.10. jeden Mittwoch von\u00a0<strong>16:00<\/strong>\u00a0&#8211; 17:00 Uhr, Grundschule<br>Kids-Fit (1.-4. Klasse): ab 21.9. jeden Mittwoch von\u00a0<strong>17:00<\/strong>\u00a0&#8211; 18:00 Uhr, Grundschule<br>Juniors-Fit (ab 5. Klasse): ab 21.9. jeden Mittwoch von\u00a0<strong>18:00<\/strong>\u00a0&#8211; 19:00 Uhr, Grundschule<br>Multisport: ab 21.9. jeden Mittwoch von\u00a0<strong>19:00<\/strong>\u00a0&#8211; 20:00 Uhr, Grundschule<br>Line Dance: ab 19.9. jeden Montag von 18:30 &#8211; 20:30 Uhr, Badsaal<br>Power-Fit (ab 16 Jahre): ab 20.09. jeden Dienstag von 18:30 &#8211; 19:30 Uhr, Badsaal,<br>Unkostenbeitrag 25 \u20ac, f\u00fcr Nichtmitglieder 90 \u20ac<\/p>\n\n\n\n<p>Weitere Infos zu den einzelnen Angeboten findet ihr auch in der App unter &#8222;Sport&#8220;<\/p>\n\n\n\n<p>Mit sportlichen Gr\u00fc\u00dfen<br>Die Vorstandschaft<\/p>\n","protected":false},"excerpt":{"rendered":"<p>Liebe Vereinsmitglieder, so schnell kann es gehen. Gestern bekammen wir von der Marktgemeinde Schnaittach die Mitteilung, dass sich die Hallenbelegungspl\u00e4ne ab 4. Oktober 2022 \u00e4ndern.&nbsp;Ab kommender Woche sind wir in der Turnhalle der Grundschule und alle Kurse starten 15 Minuten fr\u00fcher. Hallentraining neu: Mutter\/Vater+Kind-Fit (ab 3 Jahre): ab 5.10. jeden Mittwoch von\u00a016:00\u00a0&#8211; 17:00 Uhr, GrundschuleKids-Fit (1.-4. Klasse): ab 21.9. jeden Mittwoch von\u00a017:00\u00a0&#8211; 18:00 Uhr, GrundschuleJuniors-Fit (ab 5. Klasse): ab 21.9. jeden Mittwoch von\u00a018:00\u00a0&#8211; 19:00 Uhr, GrundschuleMultisport: ab 21.9. jeden Mittwoch von\u00a019:00\u00a0&#8211; 20:00 Uhr, GrundschuleLine Dance: ab 19.9. jeden Montag von 18:30 &#8211; 20:30 Uhr, BadsaalPower-Fit (ab 16 Jahre): ab 20.09. jeden Dienstag von 18:30 &#8211; 19:30 Uhr, Badsaal,Unkostenbeitrag 25 \u20ac, f\u00fcr Nichtmitglieder 90 \u20ac Weitere Infos zu den einzelnen Angeboten findet ihr auch in der App unter &#8222;Sport&#8220; Mit sportlichen Gr\u00fc\u00dfenDie Vorstandschaft<\/p>\n","protected":false},"author":8,"featured_media":0,"comment_status":"closed","ping_status":"closed","sticky":false,"template":"","format":"standard","meta":{"footnotes":"","_links_to":"","_links_to_target":""},"categories":[1],"tags":[],"class_list":["post-1572","post","type-post","status-publish","format-standard","hentry","category-uncategorized"],"yoast_head":"<!-- This site is optimized with the Yoast SEO plugin v27.4 - https:\/\/yoast.com\/product\/yoast-seo-wordpress\/ -->\n<title>Hallentraining 2022 - SCR-Schnaittach<\/title>\n<meta name=\"robots\" content=\"index, follow, max-snippet:-1, max-image-preview:large, max-video-preview:-1\" \/>\n<link rel=\"canonical\" href=\"https:\/\/www.scrschnaittach.de\/neu2013\/wordpress\/?p=1572\" \/>\n<meta property=\"og:locale\" content=\"de_DE\" \/>\n<meta property=\"og:type\" content=\"article\" \/>\n<meta property=\"og:title\" content=\"Hallentraining 2022 - SCR-Schnaittach\" \/>\n<meta property=\"og:description\" content=\"Liebe Vereinsmitglieder, so schnell kann es gehen. Gestern bekammen wir von der Marktgemeinde Schnaittach die Mitteilung, dass sich die Hallenbelegungspl\u00e4ne ab 4. Oktober 2022 \u00e4ndern.&nbsp;Ab kommender Woche sind wir in der Turnhalle der Grundschule und alle Kurse starten 15 Minuten fr\u00fcher. Hallentraining neu: Mutter\/Vater+Kind-Fit (ab 3 Jahre): ab 5.10. jeden Mittwoch von\u00a016:00\u00a0&#8211; 17:00 Uhr, GrundschuleKids-Fit (1.-4. Klasse): ab 21.9. jeden Mittwoch von\u00a017:00\u00a0&#8211; 18:00 Uhr, GrundschuleJuniors-Fit (ab 5. Klasse): ab 21.9. jeden Mittwoch von\u00a018:00\u00a0&#8211; 19:00 Uhr, GrundschuleMultisport: ab 21.9. jeden Mittwoch von\u00a019:00\u00a0&#8211; 20:00 Uhr, GrundschuleLine Dance: ab 19.9. jeden Montag von 18:30 &#8211; 20:30 Uhr, BadsaalPower-Fit (ab 16 Jahre): ab 20.09. jeden Dienstag von 18:30 &#8211; 19:30 Uhr, Badsaal,Unkostenbeitrag 25 \u20ac, f\u00fcr Nichtmitglieder 90 \u20ac Weitere Infos zu den einzelnen Angeboten findet ihr auch in der App unter &#8222;Sport&#8220; Mit sportlichen Gr\u00fc\u00dfenDie Vorstandschaft\" \/>\n<meta property=\"og:url\" content=\"https:\/\/www.scrschnaittach.de\/neu2013\/wordpress\/?p=1572\" \/>\n<meta property=\"og:site_name\" content=\"SCR-Schnaittach\" \/>\n<meta property=\"article:publisher\" content=\"https:\/\/www.facebook.com\/SCRSchnaittach\" \/>\n<meta property=\"article:published_time\" content=\"2022-09-17T16:29:48+00:00\" \/>\n<meta property=\"article:modified_time\" content=\"2022-09-29T11:58:47+00:00\" \/>\n<meta name=\"author\" content=\"Bruno Schmidt\" \/>\n<meta name=\"twitter:card\" content=\"summary_large_image\" \/>\n<meta name=\"twitter:label1\" content=\"Verfasst von\" \/>\n\t<meta name=\"twitter:data1\" content=\"Bruno Schmidt\" \/>\n\t<meta name=\"twitter:label2\" content=\"Gesch\u00e4tzte Lesezeit\" \/>\n\t<meta name=\"twitter:data2\" content=\"1\u00a0Minute\" \/>\n<script type=\"application\/ld+json\" class=\"yoast-schema-graph\">{\"@context\":\"https:\\\/\\\/schema.org\",\"@graph\":[{\"@type\":\"Article\",\"@id\":\"https:\\\/\\\/www.scrschnaittach.de\\\/neu2013\\\/wordpress\\\/?p=1572#article\",\"isPartOf\":{\"@id\":\"https:\\\/\\\/www.scrschnaittach.de\\\/neu2013\\\/wordpress\\\/?p=1572\"},\"author\":{\"name\":\"Bruno Schmidt\",\"@id\":\"https:\\\/\\\/www.scrschnaittach.de\\\/neu2013\\\/wordpress\\\/#\\\/schema\\\/person\\\/88caa89943dfb0ff03d735bae5abf3da\"},\"headline\":\"Hallentraining 2022\",\"datePublished\":\"2022-09-17T16:29:48+00:00\",\"dateModified\":\"2022-09-29T11:58:47+00:00\",\"mainEntityOfPage\":{\"@id\":\"https:\\\/\\\/www.scrschnaittach.de\\\/neu2013\\\/wordpress\\\/?p=1572\"},\"wordCount\":122,\"publisher\":{\"@id\":\"https:\\\/\\\/www.scrschnaittach.de\\\/neu2013\\\/wordpress\\\/#organization\"},\"articleSection\":[\"ohne Kategorie\"],\"inLanguage\":\"de\"},{\"@type\":\"WebPage\",\"@id\":\"https:\\\/\\\/www.scrschnaittach.de\\\/neu2013\\\/wordpress\\\/?p=1572\",\"url\":\"https:\\\/\\\/www.scrschnaittach.de\\\/neu2013\\\/wordpress\\\/?p=1572\",\"name\":\"Hallentraining 2022 - SCR-Schnaittach\",\"isPartOf\":{\"@id\":\"https:\\\/\\\/www.scrschnaittach.de\\\/neu2013\\\/wordpress\\\/#website\"},\"datePublished\":\"2022-09-17T16:29:48+00:00\",\"dateModified\":\"2022-09-29T11:58:47+00:00\",\"breadcrumb\":{\"@id\":\"https:\\\/\\\/www.scrschnaittach.de\\\/neu2013\\\/wordpress\\\/?p=1572#breadcrumb\"},\"inLanguage\":\"de\",\"potentialAction\":[{\"@type\":\"ReadAction\",\"target\":[\"https:\\\/\\\/www.scrschnaittach.de\\\/neu2013\\\/wordpress\\\/?p=1572\"]}]},{\"@type\":\"BreadcrumbList\",\"@id\":\"https:\\\/\\\/www.scrschnaittach.de\\\/neu2013\\\/wordpress\\\/?p=1572#breadcrumb\",\"itemListElement\":[{\"@type\":\"ListItem\",\"position\":1,\"name\":\"Startseite\",\"item\":\"https:\\\/\\\/www.scrschnaittach.de\\\/neu2013\\\/wordpress\\\/\"},{\"@type\":\"ListItem\",\"position\":2,\"name\":\"Hallentraining 2022\"}]},{\"@type\":\"WebSite\",\"@id\":\"https:\\\/\\\/www.scrschnaittach.de\\\/neu2013\\\/wordpress\\\/#website\",\"url\":\"https:\\\/\\\/www.scrschnaittach.de\\\/neu2013\\\/wordpress\\\/\",\"name\":\"SCR-Schnaittach\",\"description\":\"Skiing - Cycling - Running\",\"publisher\":{\"@id\":\"https:\\\/\\\/www.scrschnaittach.de\\\/neu2013\\\/wordpress\\\/#organization\"},\"potentialAction\":[{\"@type\":\"SearchAction\",\"target\":{\"@type\":\"EntryPoint\",\"urlTemplate\":\"https:\\\/\\\/www.scrschnaittach.de\\\/neu2013\\\/wordpress\\\/?s={search_term_string}\"},\"query-input\":{\"@type\":\"PropertyValueSpecification\",\"valueRequired\":true,\"valueName\":\"search_term_string\"}}],\"inLanguage\":\"de\"},{\"@type\":\"Organization\",\"@id\":\"https:\\\/\\\/www.scrschnaittach.de\\\/neu2013\\\/wordpress\\\/#organization\",\"name\":\"SCR-Schnaittach\",\"url\":\"https:\\\/\\\/www.scrschnaittach.de\\\/neu2013\\\/wordpress\\\/\",\"logo\":{\"@type\":\"ImageObject\",\"inLanguage\":\"de\",\"@id\":\"https:\\\/\\\/www.scrschnaittach.de\\\/neu2013\\\/wordpress\\\/#\\\/schema\\\/logo\\\/image\\\/\",\"url\":\"https:\\\/\\\/www.scrschnaittach.de\\\/neu2013\\\/wordpress\\\/wp-content\\\/uploads\\\/2022\\\/12\\\/scrlogo.png\",\"contentUrl\":\"https:\\\/\\\/www.scrschnaittach.de\\\/neu2013\\\/wordpress\\\/wp-content\\\/uploads\\\/2022\\\/12\\\/scrlogo.png\",\"width\":77,\"height\":90,\"caption\":\"SCR-Schnaittach\"},\"image\":{\"@id\":\"https:\\\/\\\/www.scrschnaittach.de\\\/neu2013\\\/wordpress\\\/#\\\/schema\\\/logo\\\/image\\\/\"},\"sameAs\":[\"https:\\\/\\\/www.facebook.com\\\/SCRSchnaittach\"]},{\"@type\":\"Person\",\"@id\":\"https:\\\/\\\/www.scrschnaittach.de\\\/neu2013\\\/wordpress\\\/#\\\/schema\\\/person\\\/88caa89943dfb0ff03d735bae5abf3da\",\"name\":\"Bruno Schmidt\",\"image\":{\"@type\":\"ImageObject\",\"inLanguage\":\"de\",\"@id\":\"https:\\\/\\\/secure.gravatar.com\\\/avatar\\\/aa4fcb7e39c8b496b9c7856452a326e91c2f0cb87e9ce0043333074798749a1d?s=96&d=mm&r=g\",\"url\":\"https:\\\/\\\/secure.gravatar.com\\\/avatar\\\/aa4fcb7e39c8b496b9c7856452a326e91c2f0cb87e9ce0043333074798749a1d?s=96&d=mm&r=g\",\"contentUrl\":\"https:\\\/\\\/secure.gravatar.com\\\/avatar\\\/aa4fcb7e39c8b496b9c7856452a326e91c2f0cb87e9ce0043333074798749a1d?s=96&d=mm&r=g\",\"caption\":\"Bruno Schmidt\"},\"url\":\"https:\\\/\\\/www.scrschnaittach.de\\\/neu2013\\\/wordpress\\\/?author=8\"}]}<\/script>\n<!-- \/ Yoast SEO plugin. -->","yoast_head_json":{"title":"Hallentraining 2022 - SCR-Schnaittach","robots":{"index":"index","follow":"follow","max-snippet":"max-snippet:-1","max-image-preview":"max-image-preview:large","max-video-preview":"max-video-preview:-1"},"canonical":"https:\/\/www.scrschnaittach.de\/neu2013\/wordpress\/?p=1572","og_locale":"de_DE","og_type":"article","og_title":"Hallentraining 2022 - SCR-Schnaittach","og_description":"Liebe Vereinsmitglieder, so schnell kann es gehen. Gestern bekammen wir von der Marktgemeinde Schnaittach die Mitteilung, dass sich die Hallenbelegungspl\u00e4ne ab 4. Oktober 2022 \u00e4ndern.&nbsp;Ab kommender Woche sind wir in der Turnhalle der Grundschule und alle Kurse starten 15 Minuten fr\u00fcher. Hallentraining neu: Mutter\/Vater+Kind-Fit (ab 3 Jahre): ab 5.10. jeden Mittwoch von\u00a016:00\u00a0&#8211; 17:00 Uhr, GrundschuleKids-Fit (1.-4. Klasse): ab 21.9. jeden Mittwoch von\u00a017:00\u00a0&#8211; 18:00 Uhr, GrundschuleJuniors-Fit (ab 5. Klasse): ab 21.9. jeden Mittwoch von\u00a018:00\u00a0&#8211; 19:00 Uhr, GrundschuleMultisport: ab 21.9. jeden Mittwoch von\u00a019:00\u00a0&#8211; 20:00 Uhr, GrundschuleLine Dance: ab 19.9. jeden Montag von 18:30 &#8211; 20:30 Uhr, BadsaalPower-Fit (ab 16 Jahre): ab 20.09. jeden Dienstag von 18:30 &#8211; 19:30 Uhr, Badsaal,Unkostenbeitrag 25 \u20ac, f\u00fcr Nichtmitglieder 90 \u20ac Weitere Infos zu den einzelnen Angeboten findet ihr auch in der App unter &#8222;Sport&#8220; Mit sportlichen Gr\u00fc\u00dfenDie Vorstandschaft","og_url":"https:\/\/www.scrschnaittach.de\/neu2013\/wordpress\/?p=1572","og_site_name":"SCR-Schnaittach","article_publisher":"https:\/\/www.facebook.com\/SCRSchnaittach","article_published_time":"2022-09-17T16:29:48+00:00","article_modified_time":"2022-09-29T11:58:47+00:00","author":"Bruno Schmidt","twitter_card":"summary_large_image","twitter_misc":{"Verfasst von":"Bruno Schmidt","Gesch\u00e4tzte Lesezeit":"1\u00a0Minute"},"schema":{"@context":"https:\/\/schema.org","@graph":[{"@type":"Article","@id":"https:\/\/www.scrschnaittach.de\/neu2013\/wordpress\/?p=1572#article","isPartOf":{"@id":"https:\/\/www.scrschnaittach.de\/neu2013\/wordpress\/?p=1572"},"author":{"name":"Bruno Schmidt","@id":"https:\/\/www.scrschnaittach.de\/neu2013\/wordpress\/#\/schema\/person\/88caa89943dfb0ff03d735bae5abf3da"},"headline":"Hallentraining 2022","datePublished":"2022-09-17T16:29:48+00:00","dateModified":"2022-09-29T11:58:47+00:00","mainEntityOfPage":{"@id":"https:\/\/www.scrschnaittach.de\/neu2013\/wordpress\/?p=1572"},"wordCount":122,"publisher":{"@id":"https:\/\/www.scrschnaittach.de\/neu2013\/wordpress\/#organization"},"articleSection":["ohne Kategorie"],"inLanguage":"de"},{"@type":"WebPage","@id":"https:\/\/www.scrschnaittach.de\/neu2013\/wordpress\/?p=1572","url":"https:\/\/www.scrschnaittach.de\/neu2013\/wordpress\/?p=1572","name":"Hallentraining 2022 - SCR-Schnaittach","isPartOf":{"@id":"https:\/\/www.scrschnaittach.de\/neu2013\/wordpress\/#website"},"datePublished":"2022-09-17T16:29:48+00:00","dateModified":"2022-09-29T11:58:47+00:00","breadcrumb":{"@id":"https:\/\/www.scrschnaittach.de\/neu2013\/wordpress\/?p=1572#breadcrumb"},"inLanguage":"de","potentialAction":[{"@type":"ReadAction","target":["https:\/\/www.scrschnaittach.de\/neu2013\/wordpress\/?p=1572"]}]},{"@type":"BreadcrumbList","@id":"https:\/\/www.scrschnaittach.de\/neu2013\/wordpress\/?p=1572#breadcrumb","itemListElement":[{"@type":"ListItem","position":1,"name":"Startseite","item":"https:\/\/www.scrschnaittach.de\/neu2013\/wordpress\/"},{"@type":"ListItem","position":2,"name":"Hallentraining 2022"}]},{"@type":"WebSite","@id":"https:\/\/www.scrschnaittach.de\/neu2013\/wordpress\/#website","url":"https:\/\/www.scrschnaittach.de\/neu2013\/wordpress\/","name":"SCR-Schnaittach","description":"Skiing - Cycling - Running","publisher":{"@id":"https:\/\/www.scrschnaittach.de\/neu2013\/wordpress\/#organization"},"potentialAction":[{"@type":"SearchAction","target":{"@type":"EntryPoint","urlTemplate":"https:\/\/www.scrschnaittach.de\/neu2013\/wordpress\/?s={search_term_string}"},"query-input":{"@type":"PropertyValueSpecification","valueRequired":true,"valueName":"search_term_string"}}],"inLanguage":"de"},{"@type":"Organization","@id":"https:\/\/www.scrschnaittach.de\/neu2013\/wordpress\/#organization","name":"SCR-Schnaittach","url":"https:\/\/www.scrschnaittach.de\/neu2013\/wordpress\/","logo":{"@type":"ImageObject","inLanguage":"de","@id":"https:\/\/www.scrschnaittach.de\/neu2013\/wordpress\/#\/schema\/logo\/image\/","url":"https:\/\/www.scrschnaittach.de\/neu2013\/wordpress\/wp-content\/uploads\/2022\/12\/scrlogo.png","contentUrl":"https:\/\/www.scrschnaittach.de\/neu2013\/wordpress\/wp-content\/uploads\/2022\/12\/scrlogo.png","width":77,"height":90,"caption":"SCR-Schnaittach"},"image":{"@id":"https:\/\/www.scrschnaittach.de\/neu2013\/wordpress\/#\/schema\/logo\/image\/"},"sameAs":["https:\/\/www.facebook.com\/SCRSchnaittach"]},{"@type":"Person","@id":"https:\/\/www.scrschnaittach.de\/neu2013\/wordpress\/#\/schema\/person\/88caa89943dfb0ff03d735bae5abf3da","name":"Bruno Schmidt","image":{"@type":"ImageObject","inLanguage":"de","@id":"https:\/\/secure.gravatar.com\/avatar\/aa4fcb7e39c8b496b9c7856452a326e91c2f0cb87e9ce0043333074798749a1d?s=96&d=mm&r=g","url":"https:\/\/secure.gravatar.com\/avatar\/aa4fcb7e39c8b496b9c7856452a326e91c2f0cb87e9ce0043333074798749a1d?s=96&d=mm&r=g","contentUrl":"https:\/\/secure.gravatar.com\/avatar\/aa4fcb7e39c8b496b9c7856452a326e91c2f0cb87e9ce0043333074798749a1d?s=96&d=mm&r=g","caption":"Bruno Schmidt"},"url":"https:\/\/www.scrschnaittach.de\/neu2013\/wordpress\/?author=8"}]}},"_links":{"self":[{"href":"https:\/\/www.scrschnaittach.de\/neu2013\/wordpress\/index.php?rest_route=\/wp\/v2\/posts\/1572","targetHints":{"allow":["GET"]}}],"collection":[{"href":"https:\/\/www.scrschnaittach.de\/neu2013\/wordpress\/index.php?rest_route=\/wp\/v2\/posts"}],"about":[{"href":"https:\/\/www.scrschnaittach.de\/neu2013\/wordpress\/index.php?rest_route=\/wp\/v2\/types\/post"}],"author":[{"embeddable":true,"href":"https:\/\/www.scrschnaittach.de\/neu2013\/wordpress\/index.php?rest_route=\/wp\/v2\/users\/8"}],"replies":[{"embeddable":true,"href":"https:\/\/www.scrschnaittach.de\/neu2013\/wordpress\/index.php?rest_route=%2Fwp%2Fv2%2Fcomments&post=1572"}],"version-history":[{"count":3,"href":"https:\/\/www.scrschnaittach.de\/neu2013\/wordpress\/index.php?rest_route=\/wp\/v2\/posts\/1572\/revisions"}],"predecessor-version":[{"id":1577,"href":"https:\/\/www.scrschnaittach.de\/neu2013\/wordpress\/index.php?rest_route=\/wp\/v2\/posts\/1572\/revisions\/1577"}],"wp:attachment":[{"href":"https:\/\/www.scrschnaittach.de\/neu2013\/wordpress\/index.php?rest_route=%2Fwp%2Fv2%2Fmedia&parent=1572"}],"wp:term":[{"taxonomy":"category","embeddable":true,"href":"https:\/\/www.scrschnaittach.de\/neu2013\/wordpress\/index.php?rest_route=%2Fwp%2Fv2%2Fcategories&post=1572"},{"taxonomy":"post_tag","embeddable":true,"href":"https:\/\/www.scrschnaittach.de\/neu2013\/wordpress\/index.php?rest_route=%2Fwp%2Fv2%2Ftags&post=1572"}],"curies":[{"name":"wp","href":"https:\/\/api.w.org\/{rel}","templated":true}]}}