{"id":1558,"date":"2022-03-25T11:03:56","date_gmt":"2022-03-25T10:03:56","guid":{"rendered":"https:\/\/www.scrschnaittach.de\/neu2013\/wordpress\/?p=1558"},"modified":"2022-03-25T11:03:57","modified_gmt":"2022-03-25T10:03:57","slug":"wanderung-am-3-april-2022","status":"publish","type":"post","link":"https:\/\/www.scrschnaittach.de\/neu2013\/wordpress\/?p=1558","title":{"rendered":"Wanderung am 3. April 2022"},"content":{"rendered":"\n<p>Liebe Wanderfreunde des SCR,<br>die n\u00e4chste Wanderung am 03.04.2022 steht ganz im Zeichen des Fr\u00fchlings.<br>Start um 9.30 Uhr am Edeka-Parkplatz zur Bildung von<br>Fahrgemeinschaften. Fahrt zum Start- und Zielpunkt Hohenstadt.<\/p>\n\n\n\n<p>Die Tour f\u00fchrt uns auf einsamen Pfaden in die wilde und hoffentlich bl\u00fctenreiche Umgebung von Hohenstadt und durch W\u00e4lder und Wiesen auf die aussichtsreichen H\u00f6hen um Gro\u00dfviehberg. Wir st\u00e4rken uns in Kleedorf, im Hotel \u201eZum alten Schloss\u201c. Danach f\u00fchrt uns der Weg vorbei am Steinbruchh\u00e4uschen wieder hinab zum Ausgangspunkt. Gehzeit insgesamt ca. 4,5 Stunden.<br>Ausr\u00fcstung: Wanderschuhe, St\u00f6cke wer mag, Getr\u00e4nk, kl. Verpflegung, Maske; Aktuelle Corona-Regel beachten f\u00fcr Einkehr(Nachweis und Ausweis mitbringen!)<br>Anmeldung per E-Mail:\u00a0<a href=\"mailto:wandern@scr...de\">wandern@scr&#8230;<\/a>\u00a0oder Tel.: 09153-7383<\/p>\n\n\n\n<p>Eure Wanderf\u00fchrerin Elfi<\/p>\n","protected":false},"excerpt":{"rendered":"<p>Liebe Wanderfreunde des SCR,die n\u00e4chste Wanderung am 03.04.2022 steht ganz im Zeichen des Fr\u00fchlings.Start um 9.30 Uhr am Edeka-Parkplatz zur Bildung vonFahrgemeinschaften. Fahrt zum Start- und Zielpunkt Hohenstadt. Die Tour f\u00fchrt uns auf einsamen Pfaden in die wilde und hoffentlich bl\u00fctenreiche Umgebung von Hohenstadt und durch W\u00e4lder und Wiesen auf die aussichtsreichen H\u00f6hen um Gro\u00dfviehberg. Wir st\u00e4rken uns in Kleedorf, im Hotel \u201eZum alten Schloss\u201c. Danach f\u00fchrt uns der Weg vorbei am Steinbruchh\u00e4uschen wieder hinab zum Ausgangspunkt. Gehzeit insgesamt ca. 4,5 Stunden.Ausr\u00fcstung: Wanderschuhe, St\u00f6cke wer mag, Getr\u00e4nk, kl. Verpflegung, Maske; Aktuelle Corona-Regel beachten f\u00fcr Einkehr(Nachweis und Ausweis mitbringen!)Anmeldung per E-Mail:\u00a0wandern@scr&#8230;\u00a0oder Tel.: 09153-7383 Eure Wanderf\u00fchrerin Elfi<\/p>\n","protected":false},"author":8,"featured_media":0,"comment_status":"closed","ping_status":"closed","sticky":false,"template":"","format":"standard","meta":{"footnotes":"","_links_to":"","_links_to_target":""},"categories":[1],"tags":[],"class_list":["post-1558","post","type-post","status-publish","format-standard","hentry","category-uncategorized"],"yoast_head":"<!-- This site is optimized with the Yoast SEO plugin v27.5 - https:\/\/yoast.com\/product\/yoast-seo-wordpress\/ -->\n<title>Wanderung am 3. April 2022 - SCR-Schnaittach<\/title>\n<meta name=\"robots\" content=\"index, follow, max-snippet:-1, max-image-preview:large, max-video-preview:-1\" \/>\n<link rel=\"canonical\" href=\"https:\/\/www.scrschnaittach.de\/neu2013\/wordpress\/?p=1558\" \/>\n<meta property=\"og:locale\" content=\"de_DE\" \/>\n<meta property=\"og:type\" content=\"article\" \/>\n<meta property=\"og:title\" content=\"Wanderung am 3. April 2022 - SCR-Schnaittach\" \/>\n<meta property=\"og:description\" content=\"Liebe Wanderfreunde des SCR,die n\u00e4chste Wanderung am 03.04.2022 steht ganz im Zeichen des Fr\u00fchlings.Start um 9.30 Uhr am Edeka-Parkplatz zur Bildung vonFahrgemeinschaften. Fahrt zum Start- und Zielpunkt Hohenstadt. Die Tour f\u00fchrt uns auf einsamen Pfaden in die wilde und hoffentlich bl\u00fctenreiche Umgebung von Hohenstadt und durch W\u00e4lder und Wiesen auf die aussichtsreichen H\u00f6hen um Gro\u00dfviehberg. Wir st\u00e4rken uns in Kleedorf, im Hotel \u201eZum alten Schloss\u201c. Danach f\u00fchrt uns der Weg vorbei am Steinbruchh\u00e4uschen wieder hinab zum Ausgangspunkt. Gehzeit insgesamt ca. 4,5 Stunden.Ausr\u00fcstung: Wanderschuhe, St\u00f6cke wer mag, Getr\u00e4nk, kl. Verpflegung, Maske; Aktuelle Corona-Regel beachten f\u00fcr Einkehr(Nachweis und Ausweis mitbringen!)Anmeldung per E-Mail:\u00a0wandern@scr&#8230;\u00a0oder Tel.: 09153-7383 Eure Wanderf\u00fchrerin Elfi\" \/>\n<meta property=\"og:url\" content=\"https:\/\/www.scrschnaittach.de\/neu2013\/wordpress\/?p=1558\" \/>\n<meta property=\"og:site_name\" content=\"SCR-Schnaittach\" \/>\n<meta property=\"article:publisher\" content=\"https:\/\/www.facebook.com\/SCRSchnaittach\" \/>\n<meta property=\"article:published_time\" content=\"2022-03-25T10:03:56+00:00\" \/>\n<meta property=\"article:modified_time\" content=\"2022-03-25T10:03:57+00:00\" \/>\n<meta name=\"author\" content=\"Bruno Schmidt\" \/>\n<meta name=\"twitter:card\" content=\"summary_large_image\" \/>\n<meta name=\"twitter:label1\" content=\"Verfasst von\" \/>\n\t<meta name=\"twitter:data1\" content=\"Bruno Schmidt\" \/>\n\t<meta name=\"twitter:label2\" content=\"Gesch\u00e4tzte Lesezeit\" \/>\n\t<meta name=\"twitter:data2\" content=\"1\u00a0Minute\" \/>\n<script type=\"application\/ld+json\" class=\"yoast-schema-graph\">{\"@context\":\"https:\\\/\\\/schema.org\",\"@graph\":[{\"@type\":\"Article\",\"@id\":\"https:\\\/\\\/www.scrschnaittach.de\\\/neu2013\\\/wordpress\\\/?p=1558#article\",\"isPartOf\":{\"@id\":\"https:\\\/\\\/www.scrschnaittach.de\\\/neu2013\\\/wordpress\\\/?p=1558\"},\"author\":{\"name\":\"Bruno Schmidt\",\"@id\":\"https:\\\/\\\/www.scrschnaittach.de\\\/neu2013\\\/wordpress\\\/#\\\/schema\\\/person\\\/88caa89943dfb0ff03d735bae5abf3da\"},\"headline\":\"Wanderung am 3. April 2022\",\"datePublished\":\"2022-03-25T10:03:56+00:00\",\"dateModified\":\"2022-03-25T10:03:57+00:00\",\"mainEntityOfPage\":{\"@id\":\"https:\\\/\\\/www.scrschnaittach.de\\\/neu2013\\\/wordpress\\\/?p=1558\"},\"wordCount\":128,\"publisher\":{\"@id\":\"https:\\\/\\\/www.scrschnaittach.de\\\/neu2013\\\/wordpress\\\/#organization\"},\"articleSection\":[\"ohne Kategorie\"],\"inLanguage\":\"de\"},{\"@type\":\"WebPage\",\"@id\":\"https:\\\/\\\/www.scrschnaittach.de\\\/neu2013\\\/wordpress\\\/?p=1558\",\"url\":\"https:\\\/\\\/www.scrschnaittach.de\\\/neu2013\\\/wordpress\\\/?p=1558\",\"name\":\"Wanderung am 3. April 2022 - SCR-Schnaittach\",\"isPartOf\":{\"@id\":\"https:\\\/\\\/www.scrschnaittach.de\\\/neu2013\\\/wordpress\\\/#website\"},\"datePublished\":\"2022-03-25T10:03:56+00:00\",\"dateModified\":\"2022-03-25T10:03:57+00:00\",\"breadcrumb\":{\"@id\":\"https:\\\/\\\/www.scrschnaittach.de\\\/neu2013\\\/wordpress\\\/?p=1558#breadcrumb\"},\"inLanguage\":\"de\",\"potentialAction\":[{\"@type\":\"ReadAction\",\"target\":[\"https:\\\/\\\/www.scrschnaittach.de\\\/neu2013\\\/wordpress\\\/?p=1558\"]}]},{\"@type\":\"BreadcrumbList\",\"@id\":\"https:\\\/\\\/www.scrschnaittach.de\\\/neu2013\\\/wordpress\\\/?p=1558#breadcrumb\",\"itemListElement\":[{\"@type\":\"ListItem\",\"position\":1,\"name\":\"Startseite\",\"item\":\"https:\\\/\\\/www.scrschnaittach.de\\\/neu2013\\\/wordpress\\\/\"},{\"@type\":\"ListItem\",\"position\":2,\"name\":\"Wanderung am 3. April 2022\"}]},{\"@type\":\"WebSite\",\"@id\":\"https:\\\/\\\/www.scrschnaittach.de\\\/neu2013\\\/wordpress\\\/#website\",\"url\":\"https:\\\/\\\/www.scrschnaittach.de\\\/neu2013\\\/wordpress\\\/\",\"name\":\"SCR-Schnaittach\",\"description\":\"Skiing - Cycling - Running\",\"publisher\":{\"@id\":\"https:\\\/\\\/www.scrschnaittach.de\\\/neu2013\\\/wordpress\\\/#organization\"},\"potentialAction\":[{\"@type\":\"SearchAction\",\"target\":{\"@type\":\"EntryPoint\",\"urlTemplate\":\"https:\\\/\\\/www.scrschnaittach.de\\\/neu2013\\\/wordpress\\\/?s={search_term_string}\"},\"query-input\":{\"@type\":\"PropertyValueSpecification\",\"valueRequired\":true,\"valueName\":\"search_term_string\"}}],\"inLanguage\":\"de\"},{\"@type\":\"Organization\",\"@id\":\"https:\\\/\\\/www.scrschnaittach.de\\\/neu2013\\\/wordpress\\\/#organization\",\"name\":\"SCR-Schnaittach\",\"url\":\"https:\\\/\\\/www.scrschnaittach.de\\\/neu2013\\\/wordpress\\\/\",\"logo\":{\"@type\":\"ImageObject\",\"inLanguage\":\"de\",\"@id\":\"https:\\\/\\\/www.scrschnaittach.de\\\/neu2013\\\/wordpress\\\/#\\\/schema\\\/logo\\\/image\\\/\",\"url\":\"https:\\\/\\\/www.scrschnaittach.de\\\/neu2013\\\/wordpress\\\/wp-content\\\/uploads\\\/2022\\\/12\\\/scrlogo.png\",\"contentUrl\":\"https:\\\/\\\/www.scrschnaittach.de\\\/neu2013\\\/wordpress\\\/wp-content\\\/uploads\\\/2022\\\/12\\\/scrlogo.png\",\"width\":77,\"height\":90,\"caption\":\"SCR-Schnaittach\"},\"image\":{\"@id\":\"https:\\\/\\\/www.scrschnaittach.de\\\/neu2013\\\/wordpress\\\/#\\\/schema\\\/logo\\\/image\\\/\"},\"sameAs\":[\"https:\\\/\\\/www.facebook.com\\\/SCRSchnaittach\"]},{\"@type\":\"Person\",\"@id\":\"https:\\\/\\\/www.scrschnaittach.de\\\/neu2013\\\/wordpress\\\/#\\\/schema\\\/person\\\/88caa89943dfb0ff03d735bae5abf3da\",\"name\":\"Bruno Schmidt\",\"image\":{\"@type\":\"ImageObject\",\"inLanguage\":\"de\",\"@id\":\"https:\\\/\\\/secure.gravatar.com\\\/avatar\\\/aa4fcb7e39c8b496b9c7856452a326e91c2f0cb87e9ce0043333074798749a1d?s=96&d=mm&r=g\",\"url\":\"https:\\\/\\\/secure.gravatar.com\\\/avatar\\\/aa4fcb7e39c8b496b9c7856452a326e91c2f0cb87e9ce0043333074798749a1d?s=96&d=mm&r=g\",\"contentUrl\":\"https:\\\/\\\/secure.gravatar.com\\\/avatar\\\/aa4fcb7e39c8b496b9c7856452a326e91c2f0cb87e9ce0043333074798749a1d?s=96&d=mm&r=g\",\"caption\":\"Bruno Schmidt\"},\"url\":\"https:\\\/\\\/www.scrschnaittach.de\\\/neu2013\\\/wordpress\\\/?author=8\"}]}<\/script>\n<!-- \/ Yoast SEO plugin. -->","yoast_head_json":{"title":"Wanderung am 3. April 2022 - SCR-Schnaittach","robots":{"index":"index","follow":"follow","max-snippet":"max-snippet:-1","max-image-preview":"max-image-preview:large","max-video-preview":"max-video-preview:-1"},"canonical":"https:\/\/www.scrschnaittach.de\/neu2013\/wordpress\/?p=1558","og_locale":"de_DE","og_type":"article","og_title":"Wanderung am 3. April 2022 - SCR-Schnaittach","og_description":"Liebe Wanderfreunde des SCR,die n\u00e4chste Wanderung am 03.04.2022 steht ganz im Zeichen des Fr\u00fchlings.Start um 9.30 Uhr am Edeka-Parkplatz zur Bildung vonFahrgemeinschaften. Fahrt zum Start- und Zielpunkt Hohenstadt. Die Tour f\u00fchrt uns auf einsamen Pfaden in die wilde und hoffentlich bl\u00fctenreiche Umgebung von Hohenstadt und durch W\u00e4lder und Wiesen auf die aussichtsreichen H\u00f6hen um Gro\u00dfviehberg. Wir st\u00e4rken uns in Kleedorf, im Hotel \u201eZum alten Schloss\u201c. Danach f\u00fchrt uns der Weg vorbei am Steinbruchh\u00e4uschen wieder hinab zum Ausgangspunkt. Gehzeit insgesamt ca. 4,5 Stunden.Ausr\u00fcstung: Wanderschuhe, St\u00f6cke wer mag, Getr\u00e4nk, kl. Verpflegung, Maske; Aktuelle Corona-Regel beachten f\u00fcr Einkehr(Nachweis und Ausweis mitbringen!)Anmeldung per E-Mail:\u00a0wandern@scr&#8230;\u00a0oder Tel.: 09153-7383 Eure Wanderf\u00fchrerin Elfi","og_url":"https:\/\/www.scrschnaittach.de\/neu2013\/wordpress\/?p=1558","og_site_name":"SCR-Schnaittach","article_publisher":"https:\/\/www.facebook.com\/SCRSchnaittach","article_published_time":"2022-03-25T10:03:56+00:00","article_modified_time":"2022-03-25T10:03:57+00:00","author":"Bruno Schmidt","twitter_card":"summary_large_image","twitter_misc":{"Verfasst von":"Bruno Schmidt","Gesch\u00e4tzte Lesezeit":"1\u00a0Minute"},"schema":{"@context":"https:\/\/schema.org","@graph":[{"@type":"Article","@id":"https:\/\/www.scrschnaittach.de\/neu2013\/wordpress\/?p=1558#article","isPartOf":{"@id":"https:\/\/www.scrschnaittach.de\/neu2013\/wordpress\/?p=1558"},"author":{"name":"Bruno Schmidt","@id":"https:\/\/www.scrschnaittach.de\/neu2013\/wordpress\/#\/schema\/person\/88caa89943dfb0ff03d735bae5abf3da"},"headline":"Wanderung am 3. April 2022","datePublished":"2022-03-25T10:03:56+00:00","dateModified":"2022-03-25T10:03:57+00:00","mainEntityOfPage":{"@id":"https:\/\/www.scrschnaittach.de\/neu2013\/wordpress\/?p=1558"},"wordCount":128,"publisher":{"@id":"https:\/\/www.scrschnaittach.de\/neu2013\/wordpress\/#organization"},"articleSection":["ohne Kategorie"],"inLanguage":"de"},{"@type":"WebPage","@id":"https:\/\/www.scrschnaittach.de\/neu2013\/wordpress\/?p=1558","url":"https:\/\/www.scrschnaittach.de\/neu2013\/wordpress\/?p=1558","name":"Wanderung am 3. April 2022 - SCR-Schnaittach","isPartOf":{"@id":"https:\/\/www.scrschnaittach.de\/neu2013\/wordpress\/#website"},"datePublished":"2022-03-25T10:03:56+00:00","dateModified":"2022-03-25T10:03:57+00:00","breadcrumb":{"@id":"https:\/\/www.scrschnaittach.de\/neu2013\/wordpress\/?p=1558#breadcrumb"},"inLanguage":"de","potentialAction":[{"@type":"ReadAction","target":["https:\/\/www.scrschnaittach.de\/neu2013\/wordpress\/?p=1558"]}]},{"@type":"BreadcrumbList","@id":"https:\/\/www.scrschnaittach.de\/neu2013\/wordpress\/?p=1558#breadcrumb","itemListElement":[{"@type":"ListItem","position":1,"name":"Startseite","item":"https:\/\/www.scrschnaittach.de\/neu2013\/wordpress\/"},{"@type":"ListItem","position":2,"name":"Wanderung am 3. April 2022"}]},{"@type":"WebSite","@id":"https:\/\/www.scrschnaittach.de\/neu2013\/wordpress\/#website","url":"https:\/\/www.scrschnaittach.de\/neu2013\/wordpress\/","name":"SCR-Schnaittach","description":"Skiing - Cycling - Running","publisher":{"@id":"https:\/\/www.scrschnaittach.de\/neu2013\/wordpress\/#organization"},"potentialAction":[{"@type":"SearchAction","target":{"@type":"EntryPoint","urlTemplate":"https:\/\/www.scrschnaittach.de\/neu2013\/wordpress\/?s={search_term_string}"},"query-input":{"@type":"PropertyValueSpecification","valueRequired":true,"valueName":"search_term_string"}}],"inLanguage":"de"},{"@type":"Organization","@id":"https:\/\/www.scrschnaittach.de\/neu2013\/wordpress\/#organization","name":"SCR-Schnaittach","url":"https:\/\/www.scrschnaittach.de\/neu2013\/wordpress\/","logo":{"@type":"ImageObject","inLanguage":"de","@id":"https:\/\/www.scrschnaittach.de\/neu2013\/wordpress\/#\/schema\/logo\/image\/","url":"https:\/\/www.scrschnaittach.de\/neu2013\/wordpress\/wp-content\/uploads\/2022\/12\/scrlogo.png","contentUrl":"https:\/\/www.scrschnaittach.de\/neu2013\/wordpress\/wp-content\/uploads\/2022\/12\/scrlogo.png","width":77,"height":90,"caption":"SCR-Schnaittach"},"image":{"@id":"https:\/\/www.scrschnaittach.de\/neu2013\/wordpress\/#\/schema\/logo\/image\/"},"sameAs":["https:\/\/www.facebook.com\/SCRSchnaittach"]},{"@type":"Person","@id":"https:\/\/www.scrschnaittach.de\/neu2013\/wordpress\/#\/schema\/person\/88caa89943dfb0ff03d735bae5abf3da","name":"Bruno Schmidt","image":{"@type":"ImageObject","inLanguage":"de","@id":"https:\/\/secure.gravatar.com\/avatar\/aa4fcb7e39c8b496b9c7856452a326e91c2f0cb87e9ce0043333074798749a1d?s=96&d=mm&r=g","url":"https:\/\/secure.gravatar.com\/avatar\/aa4fcb7e39c8b496b9c7856452a326e91c2f0cb87e9ce0043333074798749a1d?s=96&d=mm&r=g","contentUrl":"https:\/\/secure.gravatar.com\/avatar\/aa4fcb7e39c8b496b9c7856452a326e91c2f0cb87e9ce0043333074798749a1d?s=96&d=mm&r=g","caption":"Bruno Schmidt"},"url":"https:\/\/www.scrschnaittach.de\/neu2013\/wordpress\/?author=8"}]}},"_links":{"self":[{"href":"https:\/\/www.scrschnaittach.de\/neu2013\/wordpress\/index.php?rest_route=\/wp\/v2\/posts\/1558","targetHints":{"allow":["GET"]}}],"collection":[{"href":"https:\/\/www.scrschnaittach.de\/neu2013\/wordpress\/index.php?rest_route=\/wp\/v2\/posts"}],"about":[{"href":"https:\/\/www.scrschnaittach.de\/neu2013\/wordpress\/index.php?rest_route=\/wp\/v2\/types\/post"}],"author":[{"embeddable":true,"href":"https:\/\/www.scrschnaittach.de\/neu2013\/wordpress\/index.php?rest_route=\/wp\/v2\/users\/8"}],"replies":[{"embeddable":true,"href":"https:\/\/www.scrschnaittach.de\/neu2013\/wordpress\/index.php?rest_route=%2Fwp%2Fv2%2Fcomments&post=1558"}],"version-history":[{"count":1,"href":"https:\/\/www.scrschnaittach.de\/neu2013\/wordpress\/index.php?rest_route=\/wp\/v2\/posts\/1558\/revisions"}],"predecessor-version":[{"id":1559,"href":"https:\/\/www.scrschnaittach.de\/neu2013\/wordpress\/index.php?rest_route=\/wp\/v2\/posts\/1558\/revisions\/1559"}],"wp:attachment":[{"href":"https:\/\/www.scrschnaittach.de\/neu2013\/wordpress\/index.php?rest_route=%2Fwp%2Fv2%2Fmedia&parent=1558"}],"wp:term":[{"taxonomy":"category","embeddable":true,"href":"https:\/\/www.scrschnaittach.de\/neu2013\/wordpress\/index.php?rest_route=%2Fwp%2Fv2%2Fcategories&post=1558"},{"taxonomy":"post_tag","embeddable":true,"href":"https:\/\/www.scrschnaittach.de\/neu2013\/wordpress\/index.php?rest_route=%2Fwp%2Fv2%2Ftags&post=1558"}],"curies":[{"name":"wp","href":"https:\/\/api.w.org\/{rel}","templated":true}]}}