{"id":1534,"date":"2021-11-09T19:10:58","date_gmt":"2021-11-09T18:10:58","guid":{"rendered":"https:\/\/www.scrschnaittach.de\/neu2013\/wordpress\/?p=1534"},"modified":"2021-11-29T19:36:26","modified_gmt":"2021-11-29T18:36:26","slug":"corona-aktuell-09-11-2021","status":"publish","type":"post","link":"https:\/\/www.scrschnaittach.de\/neu2013\/wordpress\/?p=1534","title":{"rendered":"Corona Aktuell 27.11.2021"},"content":{"rendered":"\n<p>Liebe Vereinsmitglieder und Interessierte,<\/p>\n\n\n\n<p>Ab 25.11.2021 gilt im SCR ein neues Hygieneschutzkonzept, das ab sofort zu beachten ist. Ihr findet es hier (<a rel=\"noreferrer noopener\" href=\"https:\/\/scrschnaittach.de\/uploads\/pdf\/SCR_Hygieneschutzkonzept.pdf\" data-type=\"URL\" data-id=\"https:\/\/scrschnaittach.de\/uploads\/pdf\/SCR_Hygieneschutzkonzept.pdf\" target=\"_blank\">https:\/\/scrschnaittach.de\/uploads\/pdf\/SCR_Hygieneschutzkonzept.pdf<\/a>)\u00a0<\/p>\n\n\n\n<p>Liebe Skicluberer,<\/p>\n\n\n\n<p>leider versch\u00e4rft sich die Situation in Bezug auf das Corona-Virus zunehmend und es sind weitere gesetzliche Einschr\u00e4nkungen in Kraft getreten (Kurz-Zusammenfassung):<\/p>\n\n\n\n<ul class=\"wp-block-list\"><li>Ab sofort gilt bei unseren sportlichen Aktivit\u00e4ten (Indoor und Outdoor) f\u00fcr alle Teilnehmer \u00fcber 17 Jahre sowie f\u00fcr die \u00dcbungsleiter*innen die 2G+ Regelung, Zutritt haben nur noch&nbsp;<strong>genesene und geimpfte Personen mit negativem Testnachweis&nbsp;<\/strong>(PCR oder zertifizierter Schnelltest). Ausreichend ist auch ein tagesaktueller schriftlicher Nachweis eines Schnelltests aus der Arbeit. Aus logistischen Gr\u00fcnden&nbsp;<strong>sind Selbsttests zu Hause oder vor Ort nicht zul\u00e4ssig bzw. m\u00f6glich<\/strong>.<\/li><li>Kinder und Sch\u00fcler bis 17 Jahren, die der Schultestung unterliegen, sind von dieser Regelung ausgenommen, ebenso Kinder unter 6 Jahren (gilt noch bis 31.12.2021).<\/li><li>Auch Eltern, die Ihre Kinder bringen und beim Sport dabei sind m\u00fcssen getestet sein,<\/li><\/ul>\n\n\n\n<p>Im Hinblick darauf haben wir uns in Abstimmung mit unseren \u00dcbungsleitern*innen nach reiflicher \u00dcberlegung&nbsp; zu folgender Vorgehensweise bei unseren Sportkursen entschieden:<\/p>\n\n\n\n<ul class=\"wp-block-list\"><li><strong>Mutter\/Vater + Kind-Fit setzen wir ab sofort aus<\/strong>. Die Verantwortung f\u00fcr eine sichere und ordnungsgem\u00e4\u00dfe Durchf\u00fchrung des Turnens k\u00f6nnen wir derzeit nicht gew\u00e4hrleisten. Das Risiko, wenn etwas passiert ist uns einfach zu hoch. Wir bitten da um Verst\u00e4ndnis.<\/li><li><strong>Kids-Fit<\/strong>&nbsp;<strong>setzen wir<\/strong>&nbsp;aus den oben genannten Gr\u00fcnden&nbsp;<strong>ebenfalls aus.<\/strong><\/li><li><strong>Juniors-Fit&nbsp;<\/strong>und&nbsp;<strong>Biathle\/Laserrun<\/strong>&nbsp;<strong>finden&nbsp;<\/strong>unter den oben genannten Voraussetzungen&nbsp;<strong>statt<\/strong>. Aufgrund der laufenden Schultestungen und der Tatsache, dass alle \u00dcbungsleiter*innen geimpft sind (und sich testen) sehen wir hier ein vertretbares Risiko.<\/li><li><strong>Power-Fit<\/strong>&nbsp;<strong>findet&nbsp;<\/strong>zun\u00e4chst ebenfalls unter den oben genannten Voraussetzungen auch noch&nbsp;<strong>statt<\/strong>. Wir werden dann am Dienstag entscheiden wie es weitergeht.<\/li><\/ul>\n\n\n\n<p>Ebenso entf\u00e4llt leider die bereits im kleinen Kreis angek\u00fcndigte geplante Wanderung am 05.12.2021, da auch diese nur unter Einhaltung der 2G+ Regel h\u00e4tte stattfinden k\u00f6nnen.<\/p>\n\n\n\n<p>Es ist f\u00fcr uns eine ganz schwierige Situation die richtigen Entscheidungen zu treffen. Gerade der Sport und das Turnen f\u00fcr die Kinder sind in dieser Zeit wichtig. Um so mehr tut uns die Absage des Turnens f\u00fcr die Kinder sehr leid.<br>&nbsp;Die Corona-Pandemie hat uns seit nahezu zwei Jahren fest im Griff. Unser Alltag wird bestimmt durch Verordnungen, Abstandsregelungen, Hygienevorschriften und Maskenpflicht. F\u00fcr uns alle ist die Pandemie anstrengend, jeden einzelnen beeintr\u00e4chtigt sie erheblich in seinem ganz pers\u00f6nlichen Leben, sie fordert die Gesellschaft als Ganzes heraus. Die Bew\u00e4ltigung der Corona-Pandemie ist daher auch eine gesamtgesellschaftliche Aufgabe \u2013 und der organisierte Sport als Teil dieser Gesellschaft kann und darf sich seiner Verantwortung hier nicht entziehen.<\/p>\n\n\n\n<p>Daher unterst\u00fctzen&nbsp;<strong>Wir<\/strong>, der&nbsp;<strong>BLSV<\/strong>&nbsp;und seine&nbsp;<strong>Bayerische Sportjugend (BSJ)<\/strong>&nbsp;die Impfkampagne der Bayerischen Staatsregierung und schlie\u00dfen uns den Empfehlungen der Experten sowie auch dem Wissenschaftspartner&nbsp;<strong>TU M\u00fcnchen<\/strong>, der St\u00e4ndigen Impfkommission (StIko) und dem&nbsp;<strong>Bayerischen Sport\u00e4rzteverband<\/strong>&nbsp;in dieser Frage an. Das Impfen ist zum aktuellen Zeitpunkt aus unserer Sicht der einzige Weg, um die Pandemie nachhaltig zu bek\u00e4mpfen und ein Ende der Corona-Krise zu erwirken.&nbsp;<strong>Bitte geht zum Impfen!<\/strong><br>Zum Schluss noch einmal der Hinweis auf unsere&nbsp;<strong>SCR App<\/strong>. Ladet Euch die App auf Euer Smartphone und registriert Euch als Mitglied (Startseite&gt;Mehr&gt;Profil&gt;Rolle&gt;Mitglied), dann seid Ihr immer aktuell \u00fcber unser Vereinsleben informiert. Die Informationen in der App sind wesentlich umfangreicher als im Newsletter. Unter &#8222;Aktuelles&#8220; findet Ihr Berichte \u00fcber alle sportlichen und gesellschaftlichen Veranstaltungen r\u00fcckwirkend ab M\u00e4rz 2021, sozusagen ein richtige Chronik.<\/p>\n\n\n\n<p>In diesem Sinne w\u00fcnschen wir Euch allen trotz der widrigen Umst\u00e4nde eine sch\u00f6ne Vorweihnachtszeit, bleibt gesund!<\/p>\n\n\n\n<p>Mit sportlichen Gr\u00fc\u00dfen<br>Die Vorstandschaft<\/p>\n","protected":false},"excerpt":{"rendered":"<p>Liebe Vereinsmitglieder und Interessierte, Ab 25.11.2021 gilt im SCR ein neues Hygieneschutzkonzept, das ab sofort zu beachten ist. Ihr findet es hier (https:\/\/scrschnaittach.de\/uploads\/pdf\/SCR_Hygieneschutzkonzept.pdf)\u00a0 Liebe Skicluberer, leider versch\u00e4rft sich die Situation in Bezug auf das Corona-Virus zunehmend und es sind weitere gesetzliche Einschr\u00e4nkungen in Kraft getreten (Kurz-Zusammenfassung): Ab sofort gilt bei unseren sportlichen Aktivit\u00e4ten (Indoor und Outdoor) f\u00fcr alle Teilnehmer \u00fcber 17 Jahre sowie f\u00fcr die \u00dcbungsleiter*innen die 2G+ Regelung, Zutritt haben nur noch&nbsp;genesene und geimpfte Personen mit negativem Testnachweis&nbsp;(PCR oder zertifizierter Schnelltest). Ausreichend ist auch ein tagesaktueller schriftlicher Nachweis eines Schnelltests aus der Arbeit. Aus logistischen Gr\u00fcnden&nbsp;sind Selbsttests zu Hause oder vor Ort nicht zul\u00e4ssig bzw. m\u00f6glich. Kinder und Sch\u00fcler bis 17 Jahren, die der Schultestung unterliegen, sind von dieser Regelung ausgenommen, ebenso Kinder unter 6 Jahren (gilt noch bis 31.12.2021). Auch Eltern, die Ihre Kinder bringen und beim Sport dabei sind m\u00fcssen getestet sein, Im Hinblick darauf haben wir uns in Abstimmung mit unseren \u00dcbungsleitern*innen nach reiflicher \u00dcberlegung&nbsp; zu folgender Vorgehensweise bei unseren Sportkursen entschieden: Mutter\/Vater + Kind-Fit setzen wir ab sofort aus. Die Verantwortung f\u00fcr eine sichere und ordnungsgem\u00e4\u00dfe Durchf\u00fchrung des Turnens k\u00f6nnen wir derzeit nicht gew\u00e4hrleisten. Das Risiko, wenn etwas passiert ist uns einfach zu hoch. Wir bitten da um Verst\u00e4ndnis. Kids-Fit&nbsp;setzen wir&nbsp;aus den oben genannten Gr\u00fcnden&nbsp;ebenfalls aus. Juniors-Fit&nbsp;und&nbsp;Biathle\/Laserrun&nbsp;finden&nbsp;unter den oben genannten Voraussetzungen&nbsp;statt. Aufgrund der laufenden Schultestungen und der Tatsache, dass alle \u00dcbungsleiter*innen geimpft sind (und sich testen) sehen wir hier ein vertretbares Risiko. Power-Fit&nbsp;findet&nbsp;zun\u00e4chst ebenfalls unter den oben genannten Voraussetzungen auch noch&nbsp;statt. Wir werden dann am Dienstag entscheiden wie es weitergeht. Ebenso entf\u00e4llt leider die bereits im kleinen Kreis angek\u00fcndigte geplante Wanderung am 05.12.2021, da auch diese nur unter Einhaltung der 2G+ Regel h\u00e4tte stattfinden k\u00f6nnen. Es ist f\u00fcr uns eine ganz schwierige Situation die richtigen Entscheidungen zu treffen. Gerade der Sport und das Turnen f\u00fcr die Kinder sind in dieser Zeit wichtig. Um so mehr tut uns die Absage des Turnens f\u00fcr die Kinder sehr leid.&nbsp;Die Corona-Pandemie hat uns seit nahezu zwei Jahren fest im Griff. Unser Alltag wird bestimmt durch Verordnungen, Abstandsregelungen, Hygienevorschriften und Maskenpflicht. F\u00fcr uns alle ist die Pandemie anstrengend, jeden einzelnen beeintr\u00e4chtigt sie erheblich in seinem ganz pers\u00f6nlichen Leben, sie fordert die Gesellschaft als Ganzes heraus. Die Bew\u00e4ltigung der Corona-Pandemie ist daher auch eine gesamtgesellschaftliche Aufgabe \u2013 und der organisierte Sport als Teil dieser Gesellschaft kann und darf sich seiner Verantwortung hier nicht entziehen. Daher unterst\u00fctzen&nbsp;Wir, der&nbsp;BLSV&nbsp;und seine&nbsp;Bayerische Sportjugend (BSJ)&nbsp;die Impfkampagne der Bayerischen Staatsregierung und schlie\u00dfen uns den Empfehlungen der Experten sowie auch dem Wissenschaftspartner&nbsp;TU M\u00fcnchen, der St\u00e4ndigen Impfkommission (StIko) und dem&nbsp;Bayerischen Sport\u00e4rzteverband&nbsp;in dieser Frage an. Das Impfen ist zum aktuellen Zeitpunkt aus unserer Sicht der einzige Weg, um die Pandemie nachhaltig zu bek\u00e4mpfen und ein Ende der Corona-Krise zu erwirken.&nbsp;Bitte geht zum Impfen!Zum Schluss noch einmal der Hinweis auf unsere&nbsp;SCR App. Ladet Euch die App auf Euer Smartphone und registriert Euch als Mitglied (Startseite&gt;Mehr&gt;Profil&gt;Rolle&gt;Mitglied), dann seid Ihr immer aktuell \u00fcber unser Vereinsleben informiert. Die Informationen in der App sind wesentlich umfangreicher als im Newsletter. Unter &#8222;Aktuelles&#8220; findet Ihr Berichte \u00fcber alle sportlichen und gesellschaftlichen Veranstaltungen r\u00fcckwirkend ab M\u00e4rz 2021, sozusagen ein richtige Chronik. In diesem Sinne w\u00fcnschen wir Euch allen trotz der widrigen Umst\u00e4nde eine sch\u00f6ne Vorweihnachtszeit, bleibt gesund! Mit sportlichen Gr\u00fc\u00dfenDie Vorstandschaft<\/p>\n","protected":false},"author":8,"featured_media":0,"comment_status":"closed","ping_status":"closed","sticky":false,"template":"","format":"aside","meta":{"footnotes":"","_links_to":"","_links_to_target":""},"categories":[1],"tags":[],"class_list":["post-1534","post","type-post","status-publish","format-aside","hentry","category-uncategorized","post_format-post-format-aside"],"yoast_head":"<!-- This site is optimized with the Yoast SEO plugin v27.5 - https:\/\/yoast.com\/product\/yoast-seo-wordpress\/ -->\n<title>Corona Aktuell 27.11.2021 - SCR-Schnaittach<\/title>\n<meta name=\"robots\" content=\"index, follow, max-snippet:-1, max-image-preview:large, max-video-preview:-1\" \/>\n<link rel=\"canonical\" href=\"https:\/\/www.scrschnaittach.de\/neu2013\/wordpress\/?p=1534\" \/>\n<meta property=\"og:locale\" content=\"de_DE\" \/>\n<meta property=\"og:type\" content=\"article\" \/>\n<meta property=\"og:title\" content=\"Corona Aktuell 27.11.2021 - SCR-Schnaittach\" \/>\n<meta property=\"og:description\" content=\"Liebe Vereinsmitglieder und Interessierte, Ab 25.11.2021 gilt im SCR ein neues Hygieneschutzkonzept, das ab sofort zu beachten ist. Ihr findet es hier (https:\/\/scrschnaittach.de\/uploads\/pdf\/SCR_Hygieneschutzkonzept.pdf)\u00a0 Liebe Skicluberer, leider versch\u00e4rft sich die Situation in Bezug auf das Corona-Virus zunehmend und es sind weitere gesetzliche Einschr\u00e4nkungen in Kraft getreten (Kurz-Zusammenfassung): Ab sofort gilt bei unseren sportlichen Aktivit\u00e4ten (Indoor und Outdoor) f\u00fcr alle Teilnehmer \u00fcber 17 Jahre sowie f\u00fcr die \u00dcbungsleiter*innen die 2G+ Regelung, Zutritt haben nur noch&nbsp;genesene und geimpfte Personen mit negativem Testnachweis&nbsp;(PCR oder zertifizierter Schnelltest). Ausreichend ist auch ein tagesaktueller schriftlicher Nachweis eines Schnelltests aus der Arbeit. Aus logistischen Gr\u00fcnden&nbsp;sind Selbsttests zu Hause oder vor Ort nicht zul\u00e4ssig bzw. m\u00f6glich. Kinder und Sch\u00fcler bis 17 Jahren, die der Schultestung unterliegen, sind von dieser Regelung ausgenommen, ebenso Kinder unter 6 Jahren (gilt noch bis 31.12.2021). Auch Eltern, die Ihre Kinder bringen und beim Sport dabei sind m\u00fcssen getestet sein, Im Hinblick darauf haben wir uns in Abstimmung mit unseren \u00dcbungsleitern*innen nach reiflicher \u00dcberlegung&nbsp; zu folgender Vorgehensweise bei unseren Sportkursen entschieden: Mutter\/Vater + Kind-Fit setzen wir ab sofort aus. Die Verantwortung f\u00fcr eine sichere und ordnungsgem\u00e4\u00dfe Durchf\u00fchrung des Turnens k\u00f6nnen wir derzeit nicht gew\u00e4hrleisten. Das Risiko, wenn etwas passiert ist uns einfach zu hoch. Wir bitten da um Verst\u00e4ndnis. Kids-Fit&nbsp;setzen wir&nbsp;aus den oben genannten Gr\u00fcnden&nbsp;ebenfalls aus. Juniors-Fit&nbsp;und&nbsp;Biathle\/Laserrun&nbsp;finden&nbsp;unter den oben genannten Voraussetzungen&nbsp;statt. Aufgrund der laufenden Schultestungen und der Tatsache, dass alle \u00dcbungsleiter*innen geimpft sind (und sich testen) sehen wir hier ein vertretbares Risiko. Power-Fit&nbsp;findet&nbsp;zun\u00e4chst ebenfalls unter den oben genannten Voraussetzungen auch noch&nbsp;statt. Wir werden dann am Dienstag entscheiden wie es weitergeht. Ebenso entf\u00e4llt leider die bereits im kleinen Kreis angek\u00fcndigte geplante Wanderung am 05.12.2021, da auch diese nur unter Einhaltung der 2G+ Regel h\u00e4tte stattfinden k\u00f6nnen. Es ist f\u00fcr uns eine ganz schwierige Situation die richtigen Entscheidungen zu treffen. Gerade der Sport und das Turnen f\u00fcr die Kinder sind in dieser Zeit wichtig. Um so mehr tut uns die Absage des Turnens f\u00fcr die Kinder sehr leid.&nbsp;Die Corona-Pandemie hat uns seit nahezu zwei Jahren fest im Griff. Unser Alltag wird bestimmt durch Verordnungen, Abstandsregelungen, Hygienevorschriften und Maskenpflicht. F\u00fcr uns alle ist die Pandemie anstrengend, jeden einzelnen beeintr\u00e4chtigt sie erheblich in seinem ganz pers\u00f6nlichen Leben, sie fordert die Gesellschaft als Ganzes heraus. Die Bew\u00e4ltigung der Corona-Pandemie ist daher auch eine gesamtgesellschaftliche Aufgabe \u2013 und der organisierte Sport als Teil dieser Gesellschaft kann und darf sich seiner Verantwortung hier nicht entziehen. Daher unterst\u00fctzen&nbsp;Wir, der&nbsp;BLSV&nbsp;und seine&nbsp;Bayerische Sportjugend (BSJ)&nbsp;die Impfkampagne der Bayerischen Staatsregierung und schlie\u00dfen uns den Empfehlungen der Experten sowie auch dem Wissenschaftspartner&nbsp;TU M\u00fcnchen, der St\u00e4ndigen Impfkommission (StIko) und dem&nbsp;Bayerischen Sport\u00e4rzteverband&nbsp;in dieser Frage an. Das Impfen ist zum aktuellen Zeitpunkt aus unserer Sicht der einzige Weg, um die Pandemie nachhaltig zu bek\u00e4mpfen und ein Ende der Corona-Krise zu erwirken.&nbsp;Bitte geht zum Impfen!Zum Schluss noch einmal der Hinweis auf unsere&nbsp;SCR App. Ladet Euch die App auf Euer Smartphone und registriert Euch als Mitglied (Startseite&gt;Mehr&gt;Profil&gt;Rolle&gt;Mitglied), dann seid Ihr immer aktuell \u00fcber unser Vereinsleben informiert. Die Informationen in der App sind wesentlich umfangreicher als im Newsletter. Unter &#8222;Aktuelles&#8220; findet Ihr Berichte \u00fcber alle sportlichen und gesellschaftlichen Veranstaltungen r\u00fcckwirkend ab M\u00e4rz 2021, sozusagen ein richtige Chronik. In diesem Sinne w\u00fcnschen wir Euch allen trotz der widrigen Umst\u00e4nde eine sch\u00f6ne Vorweihnachtszeit, bleibt gesund! Mit sportlichen Gr\u00fc\u00dfenDie Vorstandschaft\" \/>\n<meta property=\"og:url\" content=\"https:\/\/www.scrschnaittach.de\/neu2013\/wordpress\/?p=1534\" \/>\n<meta property=\"og:site_name\" content=\"SCR-Schnaittach\" \/>\n<meta property=\"article:publisher\" content=\"https:\/\/www.facebook.com\/SCRSchnaittach\" \/>\n<meta property=\"article:published_time\" content=\"2021-11-09T18:10:58+00:00\" \/>\n<meta property=\"article:modified_time\" content=\"2021-11-29T18:36:26+00:00\" \/>\n<meta name=\"author\" content=\"Bruno Schmidt\" \/>\n<meta name=\"twitter:card\" content=\"summary_large_image\" \/>\n<meta name=\"twitter:label1\" content=\"Verfasst von\" \/>\n\t<meta name=\"twitter:data1\" content=\"Bruno Schmidt\" \/>\n\t<meta name=\"twitter:label2\" content=\"Gesch\u00e4tzte Lesezeit\" \/>\n\t<meta name=\"twitter:data2\" content=\"3\u00a0Minuten\" \/>\n<script type=\"application\/ld+json\" class=\"yoast-schema-graph\">{\"@context\":\"https:\\\/\\\/schema.org\",\"@graph\":[{\"@type\":\"Article\",\"@id\":\"https:\\\/\\\/www.scrschnaittach.de\\\/neu2013\\\/wordpress\\\/?p=1534#article\",\"isPartOf\":{\"@id\":\"https:\\\/\\\/www.scrschnaittach.de\\\/neu2013\\\/wordpress\\\/?p=1534\"},\"author\":{\"name\":\"Bruno Schmidt\",\"@id\":\"https:\\\/\\\/www.scrschnaittach.de\\\/neu2013\\\/wordpress\\\/#\\\/schema\\\/person\\\/88caa89943dfb0ff03d735bae5abf3da\"},\"headline\":\"Corona Aktuell 27.11.2021\",\"datePublished\":\"2021-11-09T18:10:58+00:00\",\"dateModified\":\"2021-11-29T18:36:26+00:00\",\"mainEntityOfPage\":{\"@id\":\"https:\\\/\\\/www.scrschnaittach.de\\\/neu2013\\\/wordpress\\\/?p=1534\"},\"wordCount\":639,\"publisher\":{\"@id\":\"https:\\\/\\\/www.scrschnaittach.de\\\/neu2013\\\/wordpress\\\/#organization\"},\"articleSection\":[\"ohne Kategorie\"],\"inLanguage\":\"de\"},{\"@type\":\"WebPage\",\"@id\":\"https:\\\/\\\/www.scrschnaittach.de\\\/neu2013\\\/wordpress\\\/?p=1534\",\"url\":\"https:\\\/\\\/www.scrschnaittach.de\\\/neu2013\\\/wordpress\\\/?p=1534\",\"name\":\"Corona Aktuell 27.11.2021 - SCR-Schnaittach\",\"isPartOf\":{\"@id\":\"https:\\\/\\\/www.scrschnaittach.de\\\/neu2013\\\/wordpress\\\/#website\"},\"datePublished\":\"2021-11-09T18:10:58+00:00\",\"dateModified\":\"2021-11-29T18:36:26+00:00\",\"breadcrumb\":{\"@id\":\"https:\\\/\\\/www.scrschnaittach.de\\\/neu2013\\\/wordpress\\\/?p=1534#breadcrumb\"},\"inLanguage\":\"de\",\"potentialAction\":[{\"@type\":\"ReadAction\",\"target\":[\"https:\\\/\\\/www.scrschnaittach.de\\\/neu2013\\\/wordpress\\\/?p=1534\"]}]},{\"@type\":\"BreadcrumbList\",\"@id\":\"https:\\\/\\\/www.scrschnaittach.de\\\/neu2013\\\/wordpress\\\/?p=1534#breadcrumb\",\"itemListElement\":[{\"@type\":\"ListItem\",\"position\":1,\"name\":\"Startseite\",\"item\":\"https:\\\/\\\/www.scrschnaittach.de\\\/neu2013\\\/wordpress\\\/\"},{\"@type\":\"ListItem\",\"position\":2,\"name\":\"Corona Aktuell 27.11.2021\"}]},{\"@type\":\"WebSite\",\"@id\":\"https:\\\/\\\/www.scrschnaittach.de\\\/neu2013\\\/wordpress\\\/#website\",\"url\":\"https:\\\/\\\/www.scrschnaittach.de\\\/neu2013\\\/wordpress\\\/\",\"name\":\"SCR-Schnaittach\",\"description\":\"Skiing - Cycling - Running\",\"publisher\":{\"@id\":\"https:\\\/\\\/www.scrschnaittach.de\\\/neu2013\\\/wordpress\\\/#organization\"},\"potentialAction\":[{\"@type\":\"SearchAction\",\"target\":{\"@type\":\"EntryPoint\",\"urlTemplate\":\"https:\\\/\\\/www.scrschnaittach.de\\\/neu2013\\\/wordpress\\\/?s={search_term_string}\"},\"query-input\":{\"@type\":\"PropertyValueSpecification\",\"valueRequired\":true,\"valueName\":\"search_term_string\"}}],\"inLanguage\":\"de\"},{\"@type\":\"Organization\",\"@id\":\"https:\\\/\\\/www.scrschnaittach.de\\\/neu2013\\\/wordpress\\\/#organization\",\"name\":\"SCR-Schnaittach\",\"url\":\"https:\\\/\\\/www.scrschnaittach.de\\\/neu2013\\\/wordpress\\\/\",\"logo\":{\"@type\":\"ImageObject\",\"inLanguage\":\"de\",\"@id\":\"https:\\\/\\\/www.scrschnaittach.de\\\/neu2013\\\/wordpress\\\/#\\\/schema\\\/logo\\\/image\\\/\",\"url\":\"https:\\\/\\\/www.scrschnaittach.de\\\/neu2013\\\/wordpress\\\/wp-content\\\/uploads\\\/2022\\\/12\\\/scrlogo.png\",\"contentUrl\":\"https:\\\/\\\/www.scrschnaittach.de\\\/neu2013\\\/wordpress\\\/wp-content\\\/uploads\\\/2022\\\/12\\\/scrlogo.png\",\"width\":77,\"height\":90,\"caption\":\"SCR-Schnaittach\"},\"image\":{\"@id\":\"https:\\\/\\\/www.scrschnaittach.de\\\/neu2013\\\/wordpress\\\/#\\\/schema\\\/logo\\\/image\\\/\"},\"sameAs\":[\"https:\\\/\\\/www.facebook.com\\\/SCRSchnaittach\"]},{\"@type\":\"Person\",\"@id\":\"https:\\\/\\\/www.scrschnaittach.de\\\/neu2013\\\/wordpress\\\/#\\\/schema\\\/person\\\/88caa89943dfb0ff03d735bae5abf3da\",\"name\":\"Bruno Schmidt\",\"image\":{\"@type\":\"ImageObject\",\"inLanguage\":\"de\",\"@id\":\"https:\\\/\\\/secure.gravatar.com\\\/avatar\\\/aa4fcb7e39c8b496b9c7856452a326e91c2f0cb87e9ce0043333074798749a1d?s=96&d=mm&r=g\",\"url\":\"https:\\\/\\\/secure.gravatar.com\\\/avatar\\\/aa4fcb7e39c8b496b9c7856452a326e91c2f0cb87e9ce0043333074798749a1d?s=96&d=mm&r=g\",\"contentUrl\":\"https:\\\/\\\/secure.gravatar.com\\\/avatar\\\/aa4fcb7e39c8b496b9c7856452a326e91c2f0cb87e9ce0043333074798749a1d?s=96&d=mm&r=g\",\"caption\":\"Bruno Schmidt\"},\"url\":\"https:\\\/\\\/www.scrschnaittach.de\\\/neu2013\\\/wordpress\\\/?author=8\"}]}<\/script>\n<!-- \/ Yoast SEO plugin. -->","yoast_head_json":{"title":"Corona Aktuell 27.11.2021 - SCR-Schnaittach","robots":{"index":"index","follow":"follow","max-snippet":"max-snippet:-1","max-image-preview":"max-image-preview:large","max-video-preview":"max-video-preview:-1"},"canonical":"https:\/\/www.scrschnaittach.de\/neu2013\/wordpress\/?p=1534","og_locale":"de_DE","og_type":"article","og_title":"Corona Aktuell 27.11.2021 - SCR-Schnaittach","og_description":"Liebe Vereinsmitglieder und Interessierte, Ab 25.11.2021 gilt im SCR ein neues Hygieneschutzkonzept, das ab sofort zu beachten ist. Ihr findet es hier (https:\/\/scrschnaittach.de\/uploads\/pdf\/SCR_Hygieneschutzkonzept.pdf)\u00a0 Liebe Skicluberer, leider versch\u00e4rft sich die Situation in Bezug auf das Corona-Virus zunehmend und es sind weitere gesetzliche Einschr\u00e4nkungen in Kraft getreten (Kurz-Zusammenfassung): Ab sofort gilt bei unseren sportlichen Aktivit\u00e4ten (Indoor und Outdoor) f\u00fcr alle Teilnehmer \u00fcber 17 Jahre sowie f\u00fcr die \u00dcbungsleiter*innen die 2G+ Regelung, Zutritt haben nur noch&nbsp;genesene und geimpfte Personen mit negativem Testnachweis&nbsp;(PCR oder zertifizierter Schnelltest). Ausreichend ist auch ein tagesaktueller schriftlicher Nachweis eines Schnelltests aus der Arbeit. Aus logistischen Gr\u00fcnden&nbsp;sind Selbsttests zu Hause oder vor Ort nicht zul\u00e4ssig bzw. m\u00f6glich. Kinder und Sch\u00fcler bis 17 Jahren, die der Schultestung unterliegen, sind von dieser Regelung ausgenommen, ebenso Kinder unter 6 Jahren (gilt noch bis 31.12.2021). Auch Eltern, die Ihre Kinder bringen und beim Sport dabei sind m\u00fcssen getestet sein, Im Hinblick darauf haben wir uns in Abstimmung mit unseren \u00dcbungsleitern*innen nach reiflicher \u00dcberlegung&nbsp; zu folgender Vorgehensweise bei unseren Sportkursen entschieden: Mutter\/Vater + Kind-Fit setzen wir ab sofort aus. Die Verantwortung f\u00fcr eine sichere und ordnungsgem\u00e4\u00dfe Durchf\u00fchrung des Turnens k\u00f6nnen wir derzeit nicht gew\u00e4hrleisten. Das Risiko, wenn etwas passiert ist uns einfach zu hoch. Wir bitten da um Verst\u00e4ndnis. Kids-Fit&nbsp;setzen wir&nbsp;aus den oben genannten Gr\u00fcnden&nbsp;ebenfalls aus. Juniors-Fit&nbsp;und&nbsp;Biathle\/Laserrun&nbsp;finden&nbsp;unter den oben genannten Voraussetzungen&nbsp;statt. Aufgrund der laufenden Schultestungen und der Tatsache, dass alle \u00dcbungsleiter*innen geimpft sind (und sich testen) sehen wir hier ein vertretbares Risiko. Power-Fit&nbsp;findet&nbsp;zun\u00e4chst ebenfalls unter den oben genannten Voraussetzungen auch noch&nbsp;statt. Wir werden dann am Dienstag entscheiden wie es weitergeht. Ebenso entf\u00e4llt leider die bereits im kleinen Kreis angek\u00fcndigte geplante Wanderung am 05.12.2021, da auch diese nur unter Einhaltung der 2G+ Regel h\u00e4tte stattfinden k\u00f6nnen. Es ist f\u00fcr uns eine ganz schwierige Situation die richtigen Entscheidungen zu treffen. Gerade der Sport und das Turnen f\u00fcr die Kinder sind in dieser Zeit wichtig. Um so mehr tut uns die Absage des Turnens f\u00fcr die Kinder sehr leid.&nbsp;Die Corona-Pandemie hat uns seit nahezu zwei Jahren fest im Griff. Unser Alltag wird bestimmt durch Verordnungen, Abstandsregelungen, Hygienevorschriften und Maskenpflicht. F\u00fcr uns alle ist die Pandemie anstrengend, jeden einzelnen beeintr\u00e4chtigt sie erheblich in seinem ganz pers\u00f6nlichen Leben, sie fordert die Gesellschaft als Ganzes heraus. Die Bew\u00e4ltigung der Corona-Pandemie ist daher auch eine gesamtgesellschaftliche Aufgabe \u2013 und der organisierte Sport als Teil dieser Gesellschaft kann und darf sich seiner Verantwortung hier nicht entziehen. Daher unterst\u00fctzen&nbsp;Wir, der&nbsp;BLSV&nbsp;und seine&nbsp;Bayerische Sportjugend (BSJ)&nbsp;die Impfkampagne der Bayerischen Staatsregierung und schlie\u00dfen uns den Empfehlungen der Experten sowie auch dem Wissenschaftspartner&nbsp;TU M\u00fcnchen, der St\u00e4ndigen Impfkommission (StIko) und dem&nbsp;Bayerischen Sport\u00e4rzteverband&nbsp;in dieser Frage an. Das Impfen ist zum aktuellen Zeitpunkt aus unserer Sicht der einzige Weg, um die Pandemie nachhaltig zu bek\u00e4mpfen und ein Ende der Corona-Krise zu erwirken.&nbsp;Bitte geht zum Impfen!Zum Schluss noch einmal der Hinweis auf unsere&nbsp;SCR App. Ladet Euch die App auf Euer Smartphone und registriert Euch als Mitglied (Startseite&gt;Mehr&gt;Profil&gt;Rolle&gt;Mitglied), dann seid Ihr immer aktuell \u00fcber unser Vereinsleben informiert. Die Informationen in der App sind wesentlich umfangreicher als im Newsletter. Unter &#8222;Aktuelles&#8220; findet Ihr Berichte \u00fcber alle sportlichen und gesellschaftlichen Veranstaltungen r\u00fcckwirkend ab M\u00e4rz 2021, sozusagen ein richtige Chronik. In diesem Sinne w\u00fcnschen wir Euch allen trotz der widrigen Umst\u00e4nde eine sch\u00f6ne Vorweihnachtszeit, bleibt gesund! Mit sportlichen Gr\u00fc\u00dfenDie Vorstandschaft","og_url":"https:\/\/www.scrschnaittach.de\/neu2013\/wordpress\/?p=1534","og_site_name":"SCR-Schnaittach","article_publisher":"https:\/\/www.facebook.com\/SCRSchnaittach","article_published_time":"2021-11-09T18:10:58+00:00","article_modified_time":"2021-11-29T18:36:26+00:00","author":"Bruno Schmidt","twitter_card":"summary_large_image","twitter_misc":{"Verfasst von":"Bruno Schmidt","Gesch\u00e4tzte Lesezeit":"3\u00a0Minuten"},"schema":{"@context":"https:\/\/schema.org","@graph":[{"@type":"Article","@id":"https:\/\/www.scrschnaittach.de\/neu2013\/wordpress\/?p=1534#article","isPartOf":{"@id":"https:\/\/www.scrschnaittach.de\/neu2013\/wordpress\/?p=1534"},"author":{"name":"Bruno Schmidt","@id":"https:\/\/www.scrschnaittach.de\/neu2013\/wordpress\/#\/schema\/person\/88caa89943dfb0ff03d735bae5abf3da"},"headline":"Corona Aktuell 27.11.2021","datePublished":"2021-11-09T18:10:58+00:00","dateModified":"2021-11-29T18:36:26+00:00","mainEntityOfPage":{"@id":"https:\/\/www.scrschnaittach.de\/neu2013\/wordpress\/?p=1534"},"wordCount":639,"publisher":{"@id":"https:\/\/www.scrschnaittach.de\/neu2013\/wordpress\/#organization"},"articleSection":["ohne Kategorie"],"inLanguage":"de"},{"@type":"WebPage","@id":"https:\/\/www.scrschnaittach.de\/neu2013\/wordpress\/?p=1534","url":"https:\/\/www.scrschnaittach.de\/neu2013\/wordpress\/?p=1534","name":"Corona Aktuell 27.11.2021 - SCR-Schnaittach","isPartOf":{"@id":"https:\/\/www.scrschnaittach.de\/neu2013\/wordpress\/#website"},"datePublished":"2021-11-09T18:10:58+00:00","dateModified":"2021-11-29T18:36:26+00:00","breadcrumb":{"@id":"https:\/\/www.scrschnaittach.de\/neu2013\/wordpress\/?p=1534#breadcrumb"},"inLanguage":"de","potentialAction":[{"@type":"ReadAction","target":["https:\/\/www.scrschnaittach.de\/neu2013\/wordpress\/?p=1534"]}]},{"@type":"BreadcrumbList","@id":"https:\/\/www.scrschnaittach.de\/neu2013\/wordpress\/?p=1534#breadcrumb","itemListElement":[{"@type":"ListItem","position":1,"name":"Startseite","item":"https:\/\/www.scrschnaittach.de\/neu2013\/wordpress\/"},{"@type":"ListItem","position":2,"name":"Corona Aktuell 27.11.2021"}]},{"@type":"WebSite","@id":"https:\/\/www.scrschnaittach.de\/neu2013\/wordpress\/#website","url":"https:\/\/www.scrschnaittach.de\/neu2013\/wordpress\/","name":"SCR-Schnaittach","description":"Skiing - Cycling - Running","publisher":{"@id":"https:\/\/www.scrschnaittach.de\/neu2013\/wordpress\/#organization"},"potentialAction":[{"@type":"SearchAction","target":{"@type":"EntryPoint","urlTemplate":"https:\/\/www.scrschnaittach.de\/neu2013\/wordpress\/?s={search_term_string}"},"query-input":{"@type":"PropertyValueSpecification","valueRequired":true,"valueName":"search_term_string"}}],"inLanguage":"de"},{"@type":"Organization","@id":"https:\/\/www.scrschnaittach.de\/neu2013\/wordpress\/#organization","name":"SCR-Schnaittach","url":"https:\/\/www.scrschnaittach.de\/neu2013\/wordpress\/","logo":{"@type":"ImageObject","inLanguage":"de","@id":"https:\/\/www.scrschnaittach.de\/neu2013\/wordpress\/#\/schema\/logo\/image\/","url":"https:\/\/www.scrschnaittach.de\/neu2013\/wordpress\/wp-content\/uploads\/2022\/12\/scrlogo.png","contentUrl":"https:\/\/www.scrschnaittach.de\/neu2013\/wordpress\/wp-content\/uploads\/2022\/12\/scrlogo.png","width":77,"height":90,"caption":"SCR-Schnaittach"},"image":{"@id":"https:\/\/www.scrschnaittach.de\/neu2013\/wordpress\/#\/schema\/logo\/image\/"},"sameAs":["https:\/\/www.facebook.com\/SCRSchnaittach"]},{"@type":"Person","@id":"https:\/\/www.scrschnaittach.de\/neu2013\/wordpress\/#\/schema\/person\/88caa89943dfb0ff03d735bae5abf3da","name":"Bruno Schmidt","image":{"@type":"ImageObject","inLanguage":"de","@id":"https:\/\/secure.gravatar.com\/avatar\/aa4fcb7e39c8b496b9c7856452a326e91c2f0cb87e9ce0043333074798749a1d?s=96&d=mm&r=g","url":"https:\/\/secure.gravatar.com\/avatar\/aa4fcb7e39c8b496b9c7856452a326e91c2f0cb87e9ce0043333074798749a1d?s=96&d=mm&r=g","contentUrl":"https:\/\/secure.gravatar.com\/avatar\/aa4fcb7e39c8b496b9c7856452a326e91c2f0cb87e9ce0043333074798749a1d?s=96&d=mm&r=g","caption":"Bruno Schmidt"},"url":"https:\/\/www.scrschnaittach.de\/neu2013\/wordpress\/?author=8"}]}},"_links":{"self":[{"href":"https:\/\/www.scrschnaittach.de\/neu2013\/wordpress\/index.php?rest_route=\/wp\/v2\/posts\/1534","targetHints":{"allow":["GET"]}}],"collection":[{"href":"https:\/\/www.scrschnaittach.de\/neu2013\/wordpress\/index.php?rest_route=\/wp\/v2\/posts"}],"about":[{"href":"https:\/\/www.scrschnaittach.de\/neu2013\/wordpress\/index.php?rest_route=\/wp\/v2\/types\/post"}],"author":[{"embeddable":true,"href":"https:\/\/www.scrschnaittach.de\/neu2013\/wordpress\/index.php?rest_route=\/wp\/v2\/users\/8"}],"replies":[{"embeddable":true,"href":"https:\/\/www.scrschnaittach.de\/neu2013\/wordpress\/index.php?rest_route=%2Fwp%2Fv2%2Fcomments&post=1534"}],"version-history":[{"count":6,"href":"https:\/\/www.scrschnaittach.de\/neu2013\/wordpress\/index.php?rest_route=\/wp\/v2\/posts\/1534\/revisions"}],"predecessor-version":[{"id":1544,"href":"https:\/\/www.scrschnaittach.de\/neu2013\/wordpress\/index.php?rest_route=\/wp\/v2\/posts\/1534\/revisions\/1544"}],"wp:attachment":[{"href":"https:\/\/www.scrschnaittach.de\/neu2013\/wordpress\/index.php?rest_route=%2Fwp%2Fv2%2Fmedia&parent=1534"}],"wp:term":[{"taxonomy":"category","embeddable":true,"href":"https:\/\/www.scrschnaittach.de\/neu2013\/wordpress\/index.php?rest_route=%2Fwp%2Fv2%2Fcategories&post=1534"},{"taxonomy":"post_tag","embeddable":true,"href":"https:\/\/www.scrschnaittach.de\/neu2013\/wordpress\/index.php?rest_route=%2Fwp%2Fv2%2Ftags&post=1534"}],"curies":[{"name":"wp","href":"https:\/\/api.w.org\/{rel}","templated":true}]}}