{"id":1499,"date":"2021-08-15T12:10:27","date_gmt":"2021-08-15T10:10:27","guid":{"rendered":"https:\/\/www.scrschnaittach.de\/neu2013\/wordpress\/?p=1499"},"modified":"2021-08-15T12:11:17","modified_gmt":"2021-08-15T10:11:17","slug":"wanderung-am-29-august-2021","status":"publish","type":"post","link":"https:\/\/www.scrschnaittach.de\/neu2013\/wordpress\/?p=1499","title":{"rendered":"Wanderung am 29. August 2021"},"content":{"rendered":"<p>Liebe Wanderfreunde des SCR,<\/p>\n<p>die n\u00e4chste Wanderung ist f\u00fcr Sonntag, 29.08.2021 geplant.<br \/>\nStart um 09.30 Uhr am Edeka-Parkplatz zur Bildung von Fahrgemeinschaften. Gemeinsame Anfahrt zum Ausgangspunkt. Es erwarten Euch auf \u00fcberwiegend breiten Wegen zahlreiche Aussichtspunkte, eindrucksvolle Felsen und Wiesenh\u00e4nge auf dem Weg bis zur Mittagseinkehr in Pottenstein. Der R\u00fcckweg f\u00fchrt erholsam durch das unerschlossene Tal der P\u00fcttlach bis wir leicht ansteigend unseren Ausgangspunkt wieder erreichen.<br \/>\nTour: ca. 14 km, Gehzeit 4 bis 4,5 Stunden.<br \/>\nAusr\u00fcstung: Wanderschuhe, St\u00f6cke wer mag, Getr\u00e4nk, ggf. kleine Verpflegung,  FFP2 Maske, Taschenlampe f\u00fcr H\u00f6hle.<br \/>\nZwecks Reservierung der Mittagspl\u00e4tze bitte ich um fr\u00fchzeitige Anmeldung.<br \/>\nPer E-Mail: wandern@scrschn&#8230;de oder Tel.: 09153 -7383<\/p>\n<p>Eure Wanderf\u00fchrerin<br \/>\nElfi Christl<\/p>\n","protected":false},"excerpt":{"rendered":"<p>Liebe Wanderfreunde des SCR, die n\u00e4chste Wanderung ist f\u00fcr Sonntag, 29.08.2021 geplant. Start um 09.30 Uhr am Edeka-Parkplatz zur Bildung von Fahrgemeinschaften. Gemeinsame Anfahrt zum Ausgangspunkt. Es erwarten Euch auf \u00fcberwiegend breiten Wegen zahlreiche Aussichtspunkte, eindrucksvolle Felsen und Wiesenh\u00e4nge auf dem Weg bis zur Mittagseinkehr in Pottenstein. Der R\u00fcckweg f\u00fchrt erholsam durch das unerschlossene Tal der P\u00fcttlach bis wir leicht ansteigend unseren Ausgangspunkt wieder erreichen. Tour: ca. 14 km, Gehzeit 4 bis 4,5 Stunden. Ausr\u00fcstung: Wanderschuhe, St\u00f6cke wer mag, Getr\u00e4nk, ggf. kleine Verpflegung, FFP2 Maske, Taschenlampe f\u00fcr H\u00f6hle. Zwecks Reservierung der Mittagspl\u00e4tze bitte ich um fr\u00fchzeitige Anmeldung. Per E-Mail: wandern@scrschn&#8230;de oder Tel.: 09153 -7383 Eure Wanderf\u00fchrerin Elfi Christl<\/p>\n","protected":false},"author":8,"featured_media":0,"comment_status":"closed","ping_status":"closed","sticky":false,"template":"","format":"standard","meta":{"footnotes":"","_links_to":"","_links_to_target":""},"categories":[24],"tags":[],"class_list":["post-1499","post","type-post","status-publish","format-standard","hentry","category-wandern"],"yoast_head":"<!-- This site is optimized with the Yoast SEO plugin v27.5 - https:\/\/yoast.com\/product\/yoast-seo-wordpress\/ -->\n<title>Wanderung am 29. August 2021 - SCR-Schnaittach<\/title>\n<meta name=\"robots\" content=\"index, follow, max-snippet:-1, max-image-preview:large, max-video-preview:-1\" \/>\n<link rel=\"canonical\" href=\"https:\/\/www.scrschnaittach.de\/neu2013\/wordpress\/?p=1499\" \/>\n<meta property=\"og:locale\" content=\"de_DE\" \/>\n<meta property=\"og:type\" content=\"article\" \/>\n<meta property=\"og:title\" content=\"Wanderung am 29. August 2021 - SCR-Schnaittach\" \/>\n<meta property=\"og:description\" content=\"Liebe Wanderfreunde des SCR, die n\u00e4chste Wanderung ist f\u00fcr Sonntag, 29.08.2021 geplant. Start um 09.30 Uhr am Edeka-Parkplatz zur Bildung von Fahrgemeinschaften. Gemeinsame Anfahrt zum Ausgangspunkt. Es erwarten Euch auf \u00fcberwiegend breiten Wegen zahlreiche Aussichtspunkte, eindrucksvolle Felsen und Wiesenh\u00e4nge auf dem Weg bis zur Mittagseinkehr in Pottenstein. Der R\u00fcckweg f\u00fchrt erholsam durch das unerschlossene Tal der P\u00fcttlach bis wir leicht ansteigend unseren Ausgangspunkt wieder erreichen. Tour: ca. 14 km, Gehzeit 4 bis 4,5 Stunden. Ausr\u00fcstung: Wanderschuhe, St\u00f6cke wer mag, Getr\u00e4nk, ggf. kleine Verpflegung, FFP2 Maske, Taschenlampe f\u00fcr H\u00f6hle. Zwecks Reservierung der Mittagspl\u00e4tze bitte ich um fr\u00fchzeitige Anmeldung. Per E-Mail: wandern@scrschn&#8230;de oder Tel.: 09153 -7383 Eure Wanderf\u00fchrerin Elfi Christl\" \/>\n<meta property=\"og:url\" content=\"https:\/\/www.scrschnaittach.de\/neu2013\/wordpress\/?p=1499\" \/>\n<meta property=\"og:site_name\" content=\"SCR-Schnaittach\" \/>\n<meta property=\"article:publisher\" content=\"https:\/\/www.facebook.com\/SCRSchnaittach\" \/>\n<meta property=\"article:published_time\" content=\"2021-08-15T10:10:27+00:00\" \/>\n<meta property=\"article:modified_time\" content=\"2021-08-15T10:11:17+00:00\" \/>\n<meta name=\"author\" content=\"Bruno Schmidt\" \/>\n<meta name=\"twitter:card\" content=\"summary_large_image\" \/>\n<meta name=\"twitter:label1\" content=\"Verfasst von\" \/>\n\t<meta name=\"twitter:data1\" content=\"Bruno Schmidt\" \/>\n\t<meta name=\"twitter:label2\" content=\"Gesch\u00e4tzte Lesezeit\" \/>\n\t<meta name=\"twitter:data2\" content=\"1\u00a0Minute\" \/>\n<script type=\"application\/ld+json\" class=\"yoast-schema-graph\">{\"@context\":\"https:\\\/\\\/schema.org\",\"@graph\":[{\"@type\":\"Article\",\"@id\":\"https:\\\/\\\/www.scrschnaittach.de\\\/neu2013\\\/wordpress\\\/?p=1499#article\",\"isPartOf\":{\"@id\":\"https:\\\/\\\/www.scrschnaittach.de\\\/neu2013\\\/wordpress\\\/?p=1499\"},\"author\":{\"name\":\"Bruno Schmidt\",\"@id\":\"https:\\\/\\\/www.scrschnaittach.de\\\/neu2013\\\/wordpress\\\/#\\\/schema\\\/person\\\/88caa89943dfb0ff03d735bae5abf3da\"},\"headline\":\"Wanderung am 29. August 2021\",\"datePublished\":\"2021-08-15T10:10:27+00:00\",\"dateModified\":\"2021-08-15T10:11:17+00:00\",\"mainEntityOfPage\":{\"@id\":\"https:\\\/\\\/www.scrschnaittach.de\\\/neu2013\\\/wordpress\\\/?p=1499\"},\"wordCount\":121,\"publisher\":{\"@id\":\"https:\\\/\\\/www.scrschnaittach.de\\\/neu2013\\\/wordpress\\\/#organization\"},\"articleSection\":[\"Wandern\"],\"inLanguage\":\"de\"},{\"@type\":\"WebPage\",\"@id\":\"https:\\\/\\\/www.scrschnaittach.de\\\/neu2013\\\/wordpress\\\/?p=1499\",\"url\":\"https:\\\/\\\/www.scrschnaittach.de\\\/neu2013\\\/wordpress\\\/?p=1499\",\"name\":\"Wanderung am 29. August 2021 - SCR-Schnaittach\",\"isPartOf\":{\"@id\":\"https:\\\/\\\/www.scrschnaittach.de\\\/neu2013\\\/wordpress\\\/#website\"},\"datePublished\":\"2021-08-15T10:10:27+00:00\",\"dateModified\":\"2021-08-15T10:11:17+00:00\",\"breadcrumb\":{\"@id\":\"https:\\\/\\\/www.scrschnaittach.de\\\/neu2013\\\/wordpress\\\/?p=1499#breadcrumb\"},\"inLanguage\":\"de\",\"potentialAction\":[{\"@type\":\"ReadAction\",\"target\":[\"https:\\\/\\\/www.scrschnaittach.de\\\/neu2013\\\/wordpress\\\/?p=1499\"]}]},{\"@type\":\"BreadcrumbList\",\"@id\":\"https:\\\/\\\/www.scrschnaittach.de\\\/neu2013\\\/wordpress\\\/?p=1499#breadcrumb\",\"itemListElement\":[{\"@type\":\"ListItem\",\"position\":1,\"name\":\"Startseite\",\"item\":\"https:\\\/\\\/www.scrschnaittach.de\\\/neu2013\\\/wordpress\\\/\"},{\"@type\":\"ListItem\",\"position\":2,\"name\":\"Wanderung am 29. August 2021\"}]},{\"@type\":\"WebSite\",\"@id\":\"https:\\\/\\\/www.scrschnaittach.de\\\/neu2013\\\/wordpress\\\/#website\",\"url\":\"https:\\\/\\\/www.scrschnaittach.de\\\/neu2013\\\/wordpress\\\/\",\"name\":\"SCR-Schnaittach\",\"description\":\"Skiing - Cycling - Running\",\"publisher\":{\"@id\":\"https:\\\/\\\/www.scrschnaittach.de\\\/neu2013\\\/wordpress\\\/#organization\"},\"potentialAction\":[{\"@type\":\"SearchAction\",\"target\":{\"@type\":\"EntryPoint\",\"urlTemplate\":\"https:\\\/\\\/www.scrschnaittach.de\\\/neu2013\\\/wordpress\\\/?s={search_term_string}\"},\"query-input\":{\"@type\":\"PropertyValueSpecification\",\"valueRequired\":true,\"valueName\":\"search_term_string\"}}],\"inLanguage\":\"de\"},{\"@type\":\"Organization\",\"@id\":\"https:\\\/\\\/www.scrschnaittach.de\\\/neu2013\\\/wordpress\\\/#organization\",\"name\":\"SCR-Schnaittach\",\"url\":\"https:\\\/\\\/www.scrschnaittach.de\\\/neu2013\\\/wordpress\\\/\",\"logo\":{\"@type\":\"ImageObject\",\"inLanguage\":\"de\",\"@id\":\"https:\\\/\\\/www.scrschnaittach.de\\\/neu2013\\\/wordpress\\\/#\\\/schema\\\/logo\\\/image\\\/\",\"url\":\"https:\\\/\\\/www.scrschnaittach.de\\\/neu2013\\\/wordpress\\\/wp-content\\\/uploads\\\/2022\\\/12\\\/scrlogo.png\",\"contentUrl\":\"https:\\\/\\\/www.scrschnaittach.de\\\/neu2013\\\/wordpress\\\/wp-content\\\/uploads\\\/2022\\\/12\\\/scrlogo.png\",\"width\":77,\"height\":90,\"caption\":\"SCR-Schnaittach\"},\"image\":{\"@id\":\"https:\\\/\\\/www.scrschnaittach.de\\\/neu2013\\\/wordpress\\\/#\\\/schema\\\/logo\\\/image\\\/\"},\"sameAs\":[\"https:\\\/\\\/www.facebook.com\\\/SCRSchnaittach\"]},{\"@type\":\"Person\",\"@id\":\"https:\\\/\\\/www.scrschnaittach.de\\\/neu2013\\\/wordpress\\\/#\\\/schema\\\/person\\\/88caa89943dfb0ff03d735bae5abf3da\",\"name\":\"Bruno Schmidt\",\"image\":{\"@type\":\"ImageObject\",\"inLanguage\":\"de\",\"@id\":\"https:\\\/\\\/secure.gravatar.com\\\/avatar\\\/aa4fcb7e39c8b496b9c7856452a326e91c2f0cb87e9ce0043333074798749a1d?s=96&d=mm&r=g\",\"url\":\"https:\\\/\\\/secure.gravatar.com\\\/avatar\\\/aa4fcb7e39c8b496b9c7856452a326e91c2f0cb87e9ce0043333074798749a1d?s=96&d=mm&r=g\",\"contentUrl\":\"https:\\\/\\\/secure.gravatar.com\\\/avatar\\\/aa4fcb7e39c8b496b9c7856452a326e91c2f0cb87e9ce0043333074798749a1d?s=96&d=mm&r=g\",\"caption\":\"Bruno Schmidt\"},\"url\":\"https:\\\/\\\/www.scrschnaittach.de\\\/neu2013\\\/wordpress\\\/?author=8\"}]}<\/script>\n<!-- \/ Yoast SEO plugin. -->","yoast_head_json":{"title":"Wanderung am 29. August 2021 - SCR-Schnaittach","robots":{"index":"index","follow":"follow","max-snippet":"max-snippet:-1","max-image-preview":"max-image-preview:large","max-video-preview":"max-video-preview:-1"},"canonical":"https:\/\/www.scrschnaittach.de\/neu2013\/wordpress\/?p=1499","og_locale":"de_DE","og_type":"article","og_title":"Wanderung am 29. August 2021 - SCR-Schnaittach","og_description":"Liebe Wanderfreunde des SCR, die n\u00e4chste Wanderung ist f\u00fcr Sonntag, 29.08.2021 geplant. Start um 09.30 Uhr am Edeka-Parkplatz zur Bildung von Fahrgemeinschaften. Gemeinsame Anfahrt zum Ausgangspunkt. Es erwarten Euch auf \u00fcberwiegend breiten Wegen zahlreiche Aussichtspunkte, eindrucksvolle Felsen und Wiesenh\u00e4nge auf dem Weg bis zur Mittagseinkehr in Pottenstein. Der R\u00fcckweg f\u00fchrt erholsam durch das unerschlossene Tal der P\u00fcttlach bis wir leicht ansteigend unseren Ausgangspunkt wieder erreichen. Tour: ca. 14 km, Gehzeit 4 bis 4,5 Stunden. Ausr\u00fcstung: Wanderschuhe, St\u00f6cke wer mag, Getr\u00e4nk, ggf. kleine Verpflegung, FFP2 Maske, Taschenlampe f\u00fcr H\u00f6hle. Zwecks Reservierung der Mittagspl\u00e4tze bitte ich um fr\u00fchzeitige Anmeldung. Per E-Mail: wandern@scrschn&#8230;de oder Tel.: 09153 -7383 Eure Wanderf\u00fchrerin Elfi Christl","og_url":"https:\/\/www.scrschnaittach.de\/neu2013\/wordpress\/?p=1499","og_site_name":"SCR-Schnaittach","article_publisher":"https:\/\/www.facebook.com\/SCRSchnaittach","article_published_time":"2021-08-15T10:10:27+00:00","article_modified_time":"2021-08-15T10:11:17+00:00","author":"Bruno Schmidt","twitter_card":"summary_large_image","twitter_misc":{"Verfasst von":"Bruno Schmidt","Gesch\u00e4tzte Lesezeit":"1\u00a0Minute"},"schema":{"@context":"https:\/\/schema.org","@graph":[{"@type":"Article","@id":"https:\/\/www.scrschnaittach.de\/neu2013\/wordpress\/?p=1499#article","isPartOf":{"@id":"https:\/\/www.scrschnaittach.de\/neu2013\/wordpress\/?p=1499"},"author":{"name":"Bruno Schmidt","@id":"https:\/\/www.scrschnaittach.de\/neu2013\/wordpress\/#\/schema\/person\/88caa89943dfb0ff03d735bae5abf3da"},"headline":"Wanderung am 29. August 2021","datePublished":"2021-08-15T10:10:27+00:00","dateModified":"2021-08-15T10:11:17+00:00","mainEntityOfPage":{"@id":"https:\/\/www.scrschnaittach.de\/neu2013\/wordpress\/?p=1499"},"wordCount":121,"publisher":{"@id":"https:\/\/www.scrschnaittach.de\/neu2013\/wordpress\/#organization"},"articleSection":["Wandern"],"inLanguage":"de"},{"@type":"WebPage","@id":"https:\/\/www.scrschnaittach.de\/neu2013\/wordpress\/?p=1499","url":"https:\/\/www.scrschnaittach.de\/neu2013\/wordpress\/?p=1499","name":"Wanderung am 29. August 2021 - SCR-Schnaittach","isPartOf":{"@id":"https:\/\/www.scrschnaittach.de\/neu2013\/wordpress\/#website"},"datePublished":"2021-08-15T10:10:27+00:00","dateModified":"2021-08-15T10:11:17+00:00","breadcrumb":{"@id":"https:\/\/www.scrschnaittach.de\/neu2013\/wordpress\/?p=1499#breadcrumb"},"inLanguage":"de","potentialAction":[{"@type":"ReadAction","target":["https:\/\/www.scrschnaittach.de\/neu2013\/wordpress\/?p=1499"]}]},{"@type":"BreadcrumbList","@id":"https:\/\/www.scrschnaittach.de\/neu2013\/wordpress\/?p=1499#breadcrumb","itemListElement":[{"@type":"ListItem","position":1,"name":"Startseite","item":"https:\/\/www.scrschnaittach.de\/neu2013\/wordpress\/"},{"@type":"ListItem","position":2,"name":"Wanderung am 29. August 2021"}]},{"@type":"WebSite","@id":"https:\/\/www.scrschnaittach.de\/neu2013\/wordpress\/#website","url":"https:\/\/www.scrschnaittach.de\/neu2013\/wordpress\/","name":"SCR-Schnaittach","description":"Skiing - Cycling - Running","publisher":{"@id":"https:\/\/www.scrschnaittach.de\/neu2013\/wordpress\/#organization"},"potentialAction":[{"@type":"SearchAction","target":{"@type":"EntryPoint","urlTemplate":"https:\/\/www.scrschnaittach.de\/neu2013\/wordpress\/?s={search_term_string}"},"query-input":{"@type":"PropertyValueSpecification","valueRequired":true,"valueName":"search_term_string"}}],"inLanguage":"de"},{"@type":"Organization","@id":"https:\/\/www.scrschnaittach.de\/neu2013\/wordpress\/#organization","name":"SCR-Schnaittach","url":"https:\/\/www.scrschnaittach.de\/neu2013\/wordpress\/","logo":{"@type":"ImageObject","inLanguage":"de","@id":"https:\/\/www.scrschnaittach.de\/neu2013\/wordpress\/#\/schema\/logo\/image\/","url":"https:\/\/www.scrschnaittach.de\/neu2013\/wordpress\/wp-content\/uploads\/2022\/12\/scrlogo.png","contentUrl":"https:\/\/www.scrschnaittach.de\/neu2013\/wordpress\/wp-content\/uploads\/2022\/12\/scrlogo.png","width":77,"height":90,"caption":"SCR-Schnaittach"},"image":{"@id":"https:\/\/www.scrschnaittach.de\/neu2013\/wordpress\/#\/schema\/logo\/image\/"},"sameAs":["https:\/\/www.facebook.com\/SCRSchnaittach"]},{"@type":"Person","@id":"https:\/\/www.scrschnaittach.de\/neu2013\/wordpress\/#\/schema\/person\/88caa89943dfb0ff03d735bae5abf3da","name":"Bruno Schmidt","image":{"@type":"ImageObject","inLanguage":"de","@id":"https:\/\/secure.gravatar.com\/avatar\/aa4fcb7e39c8b496b9c7856452a326e91c2f0cb87e9ce0043333074798749a1d?s=96&d=mm&r=g","url":"https:\/\/secure.gravatar.com\/avatar\/aa4fcb7e39c8b496b9c7856452a326e91c2f0cb87e9ce0043333074798749a1d?s=96&d=mm&r=g","contentUrl":"https:\/\/secure.gravatar.com\/avatar\/aa4fcb7e39c8b496b9c7856452a326e91c2f0cb87e9ce0043333074798749a1d?s=96&d=mm&r=g","caption":"Bruno Schmidt"},"url":"https:\/\/www.scrschnaittach.de\/neu2013\/wordpress\/?author=8"}]}},"_links":{"self":[{"href":"https:\/\/www.scrschnaittach.de\/neu2013\/wordpress\/index.php?rest_route=\/wp\/v2\/posts\/1499","targetHints":{"allow":["GET"]}}],"collection":[{"href":"https:\/\/www.scrschnaittach.de\/neu2013\/wordpress\/index.php?rest_route=\/wp\/v2\/posts"}],"about":[{"href":"https:\/\/www.scrschnaittach.de\/neu2013\/wordpress\/index.php?rest_route=\/wp\/v2\/types\/post"}],"author":[{"embeddable":true,"href":"https:\/\/www.scrschnaittach.de\/neu2013\/wordpress\/index.php?rest_route=\/wp\/v2\/users\/8"}],"replies":[{"embeddable":true,"href":"https:\/\/www.scrschnaittach.de\/neu2013\/wordpress\/index.php?rest_route=%2Fwp%2Fv2%2Fcomments&post=1499"}],"version-history":[{"count":1,"href":"https:\/\/www.scrschnaittach.de\/neu2013\/wordpress\/index.php?rest_route=\/wp\/v2\/posts\/1499\/revisions"}],"predecessor-version":[{"id":1500,"href":"https:\/\/www.scrschnaittach.de\/neu2013\/wordpress\/index.php?rest_route=\/wp\/v2\/posts\/1499\/revisions\/1500"}],"wp:attachment":[{"href":"https:\/\/www.scrschnaittach.de\/neu2013\/wordpress\/index.php?rest_route=%2Fwp%2Fv2%2Fmedia&parent=1499"}],"wp:term":[{"taxonomy":"category","embeddable":true,"href":"https:\/\/www.scrschnaittach.de\/neu2013\/wordpress\/index.php?rest_route=%2Fwp%2Fv2%2Fcategories&post=1499"},{"taxonomy":"post_tag","embeddable":true,"href":"https:\/\/www.scrschnaittach.de\/neu2013\/wordpress\/index.php?rest_route=%2Fwp%2Fv2%2Ftags&post=1499"}],"curies":[{"name":"wp","href":"https:\/\/api.w.org\/{rel}","templated":true}]}}