{"id":1479,"date":"2021-06-21T10:11:19","date_gmt":"2021-06-21T08:11:19","guid":{"rendered":"https:\/\/www.scrschnaittach.de\/neu2013\/wordpress\/?p=1479"},"modified":"2021-07-07T08:58:37","modified_gmt":"2021-07-07T06:58:37","slug":"sommerwanderung-am-4-juli","status":"publish","type":"post","link":"https:\/\/www.scrschnaittach.de\/neu2013\/wordpress\/?p=1479","title":{"rendered":"Wanderung am 4. Juli 2021"},"content":{"rendered":"<p>Nach neunmonatiger Corona bedingter Pause war es endlich soweit f\u00fcr die 2. Wanderung des SCR, die uns in die Oberpfalz f\u00fchrte. Nach gemeinsamer Anfahrt starteten 11 Wanderer die Runde in K\u00f6nigstein, einem netten St\u00e4dtchen mit Schloss, 2 Kirchen und mehrere Gastst\u00e4tten am Marktplatz.<br \/>\nVom Parkplatz ging es hinauf auf den Sulzerberg (600m) mit diversen botanischen Besonderheiten. Oben angekommen durchstreiften wir das gepflegte Areal mit Mischwald, Wiesen, Hecken und Halbtrockenrasen. Wir fanden heimische Orchideen (Knabenkr\u00e4uter, gro\u00dfes Zweiblatt, rotes Waldv\u00f6gelein) und weitere gesch\u00fctzte Pflanzen. Liebevoll gestaltete, h\u00f6lzerne Hinweistafeln weisen auf verschiedene Pflanzenrarit\u00e4ten hin. Es gibt auch ein \u201eLoki Schmidt\u201c Kr\u00e4uterbeet, welches 2009 eingeweiht wurde.<br \/>\nDurch Wiesen und W\u00e4lder im steten Auf und Ab ging es weiter zum Breitenstein (612m). Von der Burg (1100) sind nur Mauerreste erhalten, daf\u00fcr gibt es eine 1713 renovierte romanische Doppelkapelle, gewidmet der Heiligen Dreifaltigkeit und Johannes Nepomuk. Hier oben mit Blick auf Steinberg und Schafberg st\u00e4rkten wir uns kurz f\u00fcr den Weiterweg.<br \/>\nHin\u00fcber ging es nun zum Felsensteig am Steinberg. Der Weg war teilweise sehr schmal und es ging steil bergauf und bergab durch interessante Felsformationen. Wir erreichten den imposanten Teufelsstuhl am Ende des felsigen Gel\u00e4ndes.<br \/>\nZun\u00e4chst abw\u00e4rts durch \u00fcppige Wiesen bringt uns ein sch\u00f6ner Aufstieg im Wald hinauf zur 1927 erbauten Johanneskapelle auf dem Gipfel des K\u00fchbergs. Diese Kapelle ist auch eine Gedenkst\u00e4tte f\u00fcr Kriegsgefallene. Kurz genie\u00dfen wir den Ausblick ins Fichtelgebirge doch dann folgten wir z\u00fcgig dem Steig hinab nach K\u00f6nigstein.<br \/>\nNach ca. 3,5 Stunden erreichten wir das Ziel und haben uns das leckere Mittagessen im Gasthof Wilder Mann verdient. Von der halbt\u00e4gigen, abwechslungsreichen Sommertour waren alle sehr angetan und erfreut, dass man nach dem Mittagessen gleich heimfahren konnte.<br \/>\nDie n\u00e4chste Wanderung ist nach einer kurzen Sommerpause (zu hei\u00df, zu viele Bremsen und M\u00fccken) f\u00fcr Ende August geplant. Bei entsprechendem Interesse dann im 3 bis 4-w\u00f6chigen Rhythmus, ggf. auch l\u00e4ngere und k\u00fcrzere Wanderungen im Wechsel.<br \/>\nEure Wanderf\u00fchrerin: Elfi Christl<\/p>\n<p><a href=\"https:\/\/www.scrschnaittach.de\/neu2013\/wordpress\/wp-content\/uploads\/2021\/06\/BildschirmfotoWanderung2021-1.jpg\"><img fetchpriority=\"high\" decoding=\"async\" class=\"alignnone size-large wp-image-1485\" src=\"https:\/\/www.scrschnaittach.de\/neu2013\/wordpress\/wp-content\/uploads\/2021\/06\/BildschirmfotoWanderung2021-1-766x1024.jpg\" alt=\"\" width=\"625\" height=\"836\" srcset=\"https:\/\/www.scrschnaittach.de\/neu2013\/wordpress\/wp-content\/uploads\/2021\/06\/BildschirmfotoWanderung2021-1-766x1024.jpg 766w, https:\/\/www.scrschnaittach.de\/neu2013\/wordpress\/wp-content\/uploads\/2021\/06\/BildschirmfotoWanderung2021-1-224x300.jpg 224w, https:\/\/www.scrschnaittach.de\/neu2013\/wordpress\/wp-content\/uploads\/2021\/06\/BildschirmfotoWanderung2021-1-768x1026.jpg 768w, https:\/\/www.scrschnaittach.de\/neu2013\/wordpress\/wp-content\/uploads\/2021\/06\/BildschirmfotoWanderung2021-1-1149x1536.jpg 1149w, https:\/\/www.scrschnaittach.de\/neu2013\/wordpress\/wp-content\/uploads\/2021\/06\/BildschirmfotoWanderung2021-1-624x834.jpg 624w, https:\/\/www.scrschnaittach.de\/neu2013\/wordpress\/wp-content\/uploads\/2021\/06\/BildschirmfotoWanderung2021-1.jpg 1344w\" sizes=\"(max-width: 625px) 100vw, 625px\" \/><\/a><\/p>\n","protected":false},"excerpt":{"rendered":"<p>Nach neunmonatiger Corona bedingter Pause war es endlich soweit f\u00fcr die 2. Wanderung des SCR, die uns in die Oberpfalz f\u00fchrte. Nach gemeinsamer Anfahrt starteten 11 Wanderer die Runde in K\u00f6nigstein, einem netten St\u00e4dtchen mit Schloss, 2 Kirchen und mehrere Gastst\u00e4tten am Marktplatz. Vom Parkplatz ging es hinauf auf den Sulzerberg (600m) mit diversen botanischen Besonderheiten. Oben angekommen durchstreiften wir das gepflegte Areal mit Mischwald, Wiesen, Hecken und Halbtrockenrasen. Wir fanden heimische Orchideen (Knabenkr\u00e4uter, gro\u00dfes Zweiblatt, rotes Waldv\u00f6gelein) und weitere gesch\u00fctzte Pflanzen. Liebevoll gestaltete, h\u00f6lzerne Hinweistafeln weisen auf verschiedene Pflanzenrarit\u00e4ten hin. Es gibt auch ein \u201eLoki Schmidt\u201c Kr\u00e4uterbeet, welches 2009 eingeweiht wurde. Durch Wiesen und W\u00e4lder im steten Auf und Ab ging es weiter zum Breitenstein (612m). Von der Burg (1100) sind nur Mauerreste erhalten, daf\u00fcr gibt es eine 1713 renovierte romanische Doppelkapelle, gewidmet der Heiligen Dreifaltigkeit und Johannes Nepomuk. Hier oben mit Blick auf Steinberg und Schafberg st\u00e4rkten wir uns kurz f\u00fcr den Weiterweg. Hin\u00fcber ging es nun zum Felsensteig am Steinberg. Der Weg war teilweise sehr schmal und es ging steil bergauf und bergab durch interessante Felsformationen. Wir erreichten den imposanten Teufelsstuhl am Ende des felsigen Gel\u00e4ndes. Zun\u00e4chst abw\u00e4rts durch \u00fcppige Wiesen bringt uns ein sch\u00f6ner Aufstieg im Wald hinauf zur 1927 erbauten Johanneskapelle auf dem Gipfel des K\u00fchbergs. Diese Kapelle ist auch eine Gedenkst\u00e4tte f\u00fcr Kriegsgefallene. Kurz genie\u00dfen wir den Ausblick ins Fichtelgebirge doch dann folgten wir z\u00fcgig dem Steig hinab nach K\u00f6nigstein. Nach ca. 3,5 Stunden erreichten wir das Ziel und haben uns das leckere Mittagessen im Gasthof Wilder Mann verdient. Von der halbt\u00e4gigen, abwechslungsreichen Sommertour waren alle sehr angetan und erfreut, dass man nach dem Mittagessen gleich heimfahren konnte. Die n\u00e4chste Wanderung ist nach einer kurzen Sommerpause (zu hei\u00df, zu viele Bremsen und M\u00fccken) f\u00fcr Ende August geplant. Bei entsprechendem Interesse dann im 3 bis 4-w\u00f6chigen Rhythmus, ggf. auch l\u00e4ngere und k\u00fcrzere Wanderungen im Wechsel. Eure Wanderf\u00fchrerin: Elfi Christl<\/p>\n","protected":false},"author":8,"featured_media":0,"comment_status":"closed","ping_status":"closed","sticky":false,"template":"","format":"standard","meta":{"footnotes":"","_links_to":"","_links_to_target":""},"categories":[24],"tags":[],"class_list":["post-1479","post","type-post","status-publish","format-standard","hentry","category-wandern"],"yoast_head":"<!-- This site is optimized with the Yoast SEO plugin v27.5 - https:\/\/yoast.com\/product\/yoast-seo-wordpress\/ -->\n<title>Wanderung am 4. Juli 2021 - SCR-Schnaittach<\/title>\n<meta name=\"robots\" content=\"index, follow, max-snippet:-1, max-image-preview:large, max-video-preview:-1\" \/>\n<link rel=\"canonical\" href=\"https:\/\/www.scrschnaittach.de\/neu2013\/wordpress\/?p=1479\" \/>\n<meta property=\"og:locale\" content=\"de_DE\" \/>\n<meta property=\"og:type\" content=\"article\" \/>\n<meta property=\"og:title\" content=\"Wanderung am 4. Juli 2021 - SCR-Schnaittach\" \/>\n<meta property=\"og:description\" content=\"Nach neunmonatiger Corona bedingter Pause war es endlich soweit f\u00fcr die 2. Wanderung des SCR, die uns in die Oberpfalz f\u00fchrte. Nach gemeinsamer Anfahrt starteten 11 Wanderer die Runde in K\u00f6nigstein, einem netten St\u00e4dtchen mit Schloss, 2 Kirchen und mehrere Gastst\u00e4tten am Marktplatz. Vom Parkplatz ging es hinauf auf den Sulzerberg (600m) mit diversen botanischen Besonderheiten. Oben angekommen durchstreiften wir das gepflegte Areal mit Mischwald, Wiesen, Hecken und Halbtrockenrasen. Wir fanden heimische Orchideen (Knabenkr\u00e4uter, gro\u00dfes Zweiblatt, rotes Waldv\u00f6gelein) und weitere gesch\u00fctzte Pflanzen. Liebevoll gestaltete, h\u00f6lzerne Hinweistafeln weisen auf verschiedene Pflanzenrarit\u00e4ten hin. Es gibt auch ein \u201eLoki Schmidt\u201c Kr\u00e4uterbeet, welches 2009 eingeweiht wurde. Durch Wiesen und W\u00e4lder im steten Auf und Ab ging es weiter zum Breitenstein (612m). Von der Burg (1100) sind nur Mauerreste erhalten, daf\u00fcr gibt es eine 1713 renovierte romanische Doppelkapelle, gewidmet der Heiligen Dreifaltigkeit und Johannes Nepomuk. Hier oben mit Blick auf Steinberg und Schafberg st\u00e4rkten wir uns kurz f\u00fcr den Weiterweg. Hin\u00fcber ging es nun zum Felsensteig am Steinberg. Der Weg war teilweise sehr schmal und es ging steil bergauf und bergab durch interessante Felsformationen. Wir erreichten den imposanten Teufelsstuhl am Ende des felsigen Gel\u00e4ndes. Zun\u00e4chst abw\u00e4rts durch \u00fcppige Wiesen bringt uns ein sch\u00f6ner Aufstieg im Wald hinauf zur 1927 erbauten Johanneskapelle auf dem Gipfel des K\u00fchbergs. Diese Kapelle ist auch eine Gedenkst\u00e4tte f\u00fcr Kriegsgefallene. Kurz genie\u00dfen wir den Ausblick ins Fichtelgebirge doch dann folgten wir z\u00fcgig dem Steig hinab nach K\u00f6nigstein. Nach ca. 3,5 Stunden erreichten wir das Ziel und haben uns das leckere Mittagessen im Gasthof Wilder Mann verdient. Von der halbt\u00e4gigen, abwechslungsreichen Sommertour waren alle sehr angetan und erfreut, dass man nach dem Mittagessen gleich heimfahren konnte. Die n\u00e4chste Wanderung ist nach einer kurzen Sommerpause (zu hei\u00df, zu viele Bremsen und M\u00fccken) f\u00fcr Ende August geplant. Bei entsprechendem Interesse dann im 3 bis 4-w\u00f6chigen Rhythmus, ggf. auch l\u00e4ngere und k\u00fcrzere Wanderungen im Wechsel. Eure Wanderf\u00fchrerin: Elfi Christl\" \/>\n<meta property=\"og:url\" content=\"https:\/\/www.scrschnaittach.de\/neu2013\/wordpress\/?p=1479\" \/>\n<meta property=\"og:site_name\" content=\"SCR-Schnaittach\" \/>\n<meta property=\"article:publisher\" content=\"https:\/\/www.facebook.com\/SCRSchnaittach\" \/>\n<meta property=\"article:published_time\" content=\"2021-06-21T08:11:19+00:00\" \/>\n<meta property=\"article:modified_time\" content=\"2021-07-07T06:58:37+00:00\" \/>\n<meta property=\"og:image\" content=\"https:\/\/www.scrschnaittach.de\/neu2013\/wordpress\/wp-content\/uploads\/2021\/06\/BildschirmfotoWanderung2021-1-766x1024.jpg\" \/>\n<meta name=\"author\" content=\"Bruno Schmidt\" \/>\n<meta name=\"twitter:card\" content=\"summary_large_image\" \/>\n<meta name=\"twitter:label1\" content=\"Verfasst von\" \/>\n\t<meta name=\"twitter:data1\" content=\"Bruno Schmidt\" \/>\n\t<meta name=\"twitter:label2\" content=\"Gesch\u00e4tzte Lesezeit\" \/>\n\t<meta name=\"twitter:data2\" content=\"2\u00a0Minuten\" \/>\n<script type=\"application\/ld+json\" class=\"yoast-schema-graph\">{\"@context\":\"https:\\\/\\\/schema.org\",\"@graph\":[{\"@type\":\"Article\",\"@id\":\"https:\\\/\\\/www.scrschnaittach.de\\\/neu2013\\\/wordpress\\\/?p=1479#article\",\"isPartOf\":{\"@id\":\"https:\\\/\\\/www.scrschnaittach.de\\\/neu2013\\\/wordpress\\\/?p=1479\"},\"author\":{\"name\":\"Bruno Schmidt\",\"@id\":\"https:\\\/\\\/www.scrschnaittach.de\\\/neu2013\\\/wordpress\\\/#\\\/schema\\\/person\\\/88caa89943dfb0ff03d735bae5abf3da\"},\"headline\":\"Wanderung am 4. Juli 2021\",\"datePublished\":\"2021-06-21T08:11:19+00:00\",\"dateModified\":\"2021-07-07T06:58:37+00:00\",\"mainEntityOfPage\":{\"@id\":\"https:\\\/\\\/www.scrschnaittach.de\\\/neu2013\\\/wordpress\\\/?p=1479\"},\"wordCount\":343,\"publisher\":{\"@id\":\"https:\\\/\\\/www.scrschnaittach.de\\\/neu2013\\\/wordpress\\\/#organization\"},\"image\":{\"@id\":\"https:\\\/\\\/www.scrschnaittach.de\\\/neu2013\\\/wordpress\\\/?p=1479#primaryimage\"},\"thumbnailUrl\":\"https:\\\/\\\/www.scrschnaittach.de\\\/neu2013\\\/wordpress\\\/wp-content\\\/uploads\\\/2021\\\/06\\\/BildschirmfotoWanderung2021-1-766x1024.jpg\",\"articleSection\":[\"Wandern\"],\"inLanguage\":\"de\"},{\"@type\":\"WebPage\",\"@id\":\"https:\\\/\\\/www.scrschnaittach.de\\\/neu2013\\\/wordpress\\\/?p=1479\",\"url\":\"https:\\\/\\\/www.scrschnaittach.de\\\/neu2013\\\/wordpress\\\/?p=1479\",\"name\":\"Wanderung am 4. Juli 2021 - SCR-Schnaittach\",\"isPartOf\":{\"@id\":\"https:\\\/\\\/www.scrschnaittach.de\\\/neu2013\\\/wordpress\\\/#website\"},\"primaryImageOfPage\":{\"@id\":\"https:\\\/\\\/www.scrschnaittach.de\\\/neu2013\\\/wordpress\\\/?p=1479#primaryimage\"},\"image\":{\"@id\":\"https:\\\/\\\/www.scrschnaittach.de\\\/neu2013\\\/wordpress\\\/?p=1479#primaryimage\"},\"thumbnailUrl\":\"https:\\\/\\\/www.scrschnaittach.de\\\/neu2013\\\/wordpress\\\/wp-content\\\/uploads\\\/2021\\\/06\\\/BildschirmfotoWanderung2021-1-766x1024.jpg\",\"datePublished\":\"2021-06-21T08:11:19+00:00\",\"dateModified\":\"2021-07-07T06:58:37+00:00\",\"breadcrumb\":{\"@id\":\"https:\\\/\\\/www.scrschnaittach.de\\\/neu2013\\\/wordpress\\\/?p=1479#breadcrumb\"},\"inLanguage\":\"de\",\"potentialAction\":[{\"@type\":\"ReadAction\",\"target\":[\"https:\\\/\\\/www.scrschnaittach.de\\\/neu2013\\\/wordpress\\\/?p=1479\"]}]},{\"@type\":\"ImageObject\",\"inLanguage\":\"de\",\"@id\":\"https:\\\/\\\/www.scrschnaittach.de\\\/neu2013\\\/wordpress\\\/?p=1479#primaryimage\",\"url\":\"https:\\\/\\\/www.scrschnaittach.de\\\/neu2013\\\/wordpress\\\/wp-content\\\/uploads\\\/2021\\\/06\\\/BildschirmfotoWanderung2021-1.jpg\",\"contentUrl\":\"https:\\\/\\\/www.scrschnaittach.de\\\/neu2013\\\/wordpress\\\/wp-content\\\/uploads\\\/2021\\\/06\\\/BildschirmfotoWanderung2021-1.jpg\",\"width\":1344,\"height\":1796},{\"@type\":\"BreadcrumbList\",\"@id\":\"https:\\\/\\\/www.scrschnaittach.de\\\/neu2013\\\/wordpress\\\/?p=1479#breadcrumb\",\"itemListElement\":[{\"@type\":\"ListItem\",\"position\":1,\"name\":\"Startseite\",\"item\":\"https:\\\/\\\/www.scrschnaittach.de\\\/neu2013\\\/wordpress\\\/\"},{\"@type\":\"ListItem\",\"position\":2,\"name\":\"Wanderung am 4. Juli 2021\"}]},{\"@type\":\"WebSite\",\"@id\":\"https:\\\/\\\/www.scrschnaittach.de\\\/neu2013\\\/wordpress\\\/#website\",\"url\":\"https:\\\/\\\/www.scrschnaittach.de\\\/neu2013\\\/wordpress\\\/\",\"name\":\"SCR-Schnaittach\",\"description\":\"Skiing - Cycling - Running\",\"publisher\":{\"@id\":\"https:\\\/\\\/www.scrschnaittach.de\\\/neu2013\\\/wordpress\\\/#organization\"},\"potentialAction\":[{\"@type\":\"SearchAction\",\"target\":{\"@type\":\"EntryPoint\",\"urlTemplate\":\"https:\\\/\\\/www.scrschnaittach.de\\\/neu2013\\\/wordpress\\\/?s={search_term_string}\"},\"query-input\":{\"@type\":\"PropertyValueSpecification\",\"valueRequired\":true,\"valueName\":\"search_term_string\"}}],\"inLanguage\":\"de\"},{\"@type\":\"Organization\",\"@id\":\"https:\\\/\\\/www.scrschnaittach.de\\\/neu2013\\\/wordpress\\\/#organization\",\"name\":\"SCR-Schnaittach\",\"url\":\"https:\\\/\\\/www.scrschnaittach.de\\\/neu2013\\\/wordpress\\\/\",\"logo\":{\"@type\":\"ImageObject\",\"inLanguage\":\"de\",\"@id\":\"https:\\\/\\\/www.scrschnaittach.de\\\/neu2013\\\/wordpress\\\/#\\\/schema\\\/logo\\\/image\\\/\",\"url\":\"https:\\\/\\\/www.scrschnaittach.de\\\/neu2013\\\/wordpress\\\/wp-content\\\/uploads\\\/2022\\\/12\\\/scrlogo.png\",\"contentUrl\":\"https:\\\/\\\/www.scrschnaittach.de\\\/neu2013\\\/wordpress\\\/wp-content\\\/uploads\\\/2022\\\/12\\\/scrlogo.png\",\"width\":77,\"height\":90,\"caption\":\"SCR-Schnaittach\"},\"image\":{\"@id\":\"https:\\\/\\\/www.scrschnaittach.de\\\/neu2013\\\/wordpress\\\/#\\\/schema\\\/logo\\\/image\\\/\"},\"sameAs\":[\"https:\\\/\\\/www.facebook.com\\\/SCRSchnaittach\"]},{\"@type\":\"Person\",\"@id\":\"https:\\\/\\\/www.scrschnaittach.de\\\/neu2013\\\/wordpress\\\/#\\\/schema\\\/person\\\/88caa89943dfb0ff03d735bae5abf3da\",\"name\":\"Bruno Schmidt\",\"image\":{\"@type\":\"ImageObject\",\"inLanguage\":\"de\",\"@id\":\"https:\\\/\\\/secure.gravatar.com\\\/avatar\\\/aa4fcb7e39c8b496b9c7856452a326e91c2f0cb87e9ce0043333074798749a1d?s=96&d=mm&r=g\",\"url\":\"https:\\\/\\\/secure.gravatar.com\\\/avatar\\\/aa4fcb7e39c8b496b9c7856452a326e91c2f0cb87e9ce0043333074798749a1d?s=96&d=mm&r=g\",\"contentUrl\":\"https:\\\/\\\/secure.gravatar.com\\\/avatar\\\/aa4fcb7e39c8b496b9c7856452a326e91c2f0cb87e9ce0043333074798749a1d?s=96&d=mm&r=g\",\"caption\":\"Bruno Schmidt\"},\"url\":\"https:\\\/\\\/www.scrschnaittach.de\\\/neu2013\\\/wordpress\\\/?author=8\"}]}<\/script>\n<!-- \/ Yoast SEO plugin. -->","yoast_head_json":{"title":"Wanderung am 4. Juli 2021 - SCR-Schnaittach","robots":{"index":"index","follow":"follow","max-snippet":"max-snippet:-1","max-image-preview":"max-image-preview:large","max-video-preview":"max-video-preview:-1"},"canonical":"https:\/\/www.scrschnaittach.de\/neu2013\/wordpress\/?p=1479","og_locale":"de_DE","og_type":"article","og_title":"Wanderung am 4. Juli 2021 - SCR-Schnaittach","og_description":"Nach neunmonatiger Corona bedingter Pause war es endlich soweit f\u00fcr die 2. Wanderung des SCR, die uns in die Oberpfalz f\u00fchrte. Nach gemeinsamer Anfahrt starteten 11 Wanderer die Runde in K\u00f6nigstein, einem netten St\u00e4dtchen mit Schloss, 2 Kirchen und mehrere Gastst\u00e4tten am Marktplatz. Vom Parkplatz ging es hinauf auf den Sulzerberg (600m) mit diversen botanischen Besonderheiten. Oben angekommen durchstreiften wir das gepflegte Areal mit Mischwald, Wiesen, Hecken und Halbtrockenrasen. Wir fanden heimische Orchideen (Knabenkr\u00e4uter, gro\u00dfes Zweiblatt, rotes Waldv\u00f6gelein) und weitere gesch\u00fctzte Pflanzen. Liebevoll gestaltete, h\u00f6lzerne Hinweistafeln weisen auf verschiedene Pflanzenrarit\u00e4ten hin. Es gibt auch ein \u201eLoki Schmidt\u201c Kr\u00e4uterbeet, welches 2009 eingeweiht wurde. Durch Wiesen und W\u00e4lder im steten Auf und Ab ging es weiter zum Breitenstein (612m). Von der Burg (1100) sind nur Mauerreste erhalten, daf\u00fcr gibt es eine 1713 renovierte romanische Doppelkapelle, gewidmet der Heiligen Dreifaltigkeit und Johannes Nepomuk. Hier oben mit Blick auf Steinberg und Schafberg st\u00e4rkten wir uns kurz f\u00fcr den Weiterweg. Hin\u00fcber ging es nun zum Felsensteig am Steinberg. Der Weg war teilweise sehr schmal und es ging steil bergauf und bergab durch interessante Felsformationen. Wir erreichten den imposanten Teufelsstuhl am Ende des felsigen Gel\u00e4ndes. Zun\u00e4chst abw\u00e4rts durch \u00fcppige Wiesen bringt uns ein sch\u00f6ner Aufstieg im Wald hinauf zur 1927 erbauten Johanneskapelle auf dem Gipfel des K\u00fchbergs. Diese Kapelle ist auch eine Gedenkst\u00e4tte f\u00fcr Kriegsgefallene. Kurz genie\u00dfen wir den Ausblick ins Fichtelgebirge doch dann folgten wir z\u00fcgig dem Steig hinab nach K\u00f6nigstein. Nach ca. 3,5 Stunden erreichten wir das Ziel und haben uns das leckere Mittagessen im Gasthof Wilder Mann verdient. Von der halbt\u00e4gigen, abwechslungsreichen Sommertour waren alle sehr angetan und erfreut, dass man nach dem Mittagessen gleich heimfahren konnte. Die n\u00e4chste Wanderung ist nach einer kurzen Sommerpause (zu hei\u00df, zu viele Bremsen und M\u00fccken) f\u00fcr Ende August geplant. Bei entsprechendem Interesse dann im 3 bis 4-w\u00f6chigen Rhythmus, ggf. auch l\u00e4ngere und k\u00fcrzere Wanderungen im Wechsel. Eure Wanderf\u00fchrerin: Elfi Christl","og_url":"https:\/\/www.scrschnaittach.de\/neu2013\/wordpress\/?p=1479","og_site_name":"SCR-Schnaittach","article_publisher":"https:\/\/www.facebook.com\/SCRSchnaittach","article_published_time":"2021-06-21T08:11:19+00:00","article_modified_time":"2021-07-07T06:58:37+00:00","og_image":[{"url":"https:\/\/www.scrschnaittach.de\/neu2013\/wordpress\/wp-content\/uploads\/2021\/06\/BildschirmfotoWanderung2021-1-766x1024.jpg","type":"","width":"","height":""}],"author":"Bruno Schmidt","twitter_card":"summary_large_image","twitter_misc":{"Verfasst von":"Bruno Schmidt","Gesch\u00e4tzte Lesezeit":"2\u00a0Minuten"},"schema":{"@context":"https:\/\/schema.org","@graph":[{"@type":"Article","@id":"https:\/\/www.scrschnaittach.de\/neu2013\/wordpress\/?p=1479#article","isPartOf":{"@id":"https:\/\/www.scrschnaittach.de\/neu2013\/wordpress\/?p=1479"},"author":{"name":"Bruno Schmidt","@id":"https:\/\/www.scrschnaittach.de\/neu2013\/wordpress\/#\/schema\/person\/88caa89943dfb0ff03d735bae5abf3da"},"headline":"Wanderung am 4. Juli 2021","datePublished":"2021-06-21T08:11:19+00:00","dateModified":"2021-07-07T06:58:37+00:00","mainEntityOfPage":{"@id":"https:\/\/www.scrschnaittach.de\/neu2013\/wordpress\/?p=1479"},"wordCount":343,"publisher":{"@id":"https:\/\/www.scrschnaittach.de\/neu2013\/wordpress\/#organization"},"image":{"@id":"https:\/\/www.scrschnaittach.de\/neu2013\/wordpress\/?p=1479#primaryimage"},"thumbnailUrl":"https:\/\/www.scrschnaittach.de\/neu2013\/wordpress\/wp-content\/uploads\/2021\/06\/BildschirmfotoWanderung2021-1-766x1024.jpg","articleSection":["Wandern"],"inLanguage":"de"},{"@type":"WebPage","@id":"https:\/\/www.scrschnaittach.de\/neu2013\/wordpress\/?p=1479","url":"https:\/\/www.scrschnaittach.de\/neu2013\/wordpress\/?p=1479","name":"Wanderung am 4. Juli 2021 - SCR-Schnaittach","isPartOf":{"@id":"https:\/\/www.scrschnaittach.de\/neu2013\/wordpress\/#website"},"primaryImageOfPage":{"@id":"https:\/\/www.scrschnaittach.de\/neu2013\/wordpress\/?p=1479#primaryimage"},"image":{"@id":"https:\/\/www.scrschnaittach.de\/neu2013\/wordpress\/?p=1479#primaryimage"},"thumbnailUrl":"https:\/\/www.scrschnaittach.de\/neu2013\/wordpress\/wp-content\/uploads\/2021\/06\/BildschirmfotoWanderung2021-1-766x1024.jpg","datePublished":"2021-06-21T08:11:19+00:00","dateModified":"2021-07-07T06:58:37+00:00","breadcrumb":{"@id":"https:\/\/www.scrschnaittach.de\/neu2013\/wordpress\/?p=1479#breadcrumb"},"inLanguage":"de","potentialAction":[{"@type":"ReadAction","target":["https:\/\/www.scrschnaittach.de\/neu2013\/wordpress\/?p=1479"]}]},{"@type":"ImageObject","inLanguage":"de","@id":"https:\/\/www.scrschnaittach.de\/neu2013\/wordpress\/?p=1479#primaryimage","url":"https:\/\/www.scrschnaittach.de\/neu2013\/wordpress\/wp-content\/uploads\/2021\/06\/BildschirmfotoWanderung2021-1.jpg","contentUrl":"https:\/\/www.scrschnaittach.de\/neu2013\/wordpress\/wp-content\/uploads\/2021\/06\/BildschirmfotoWanderung2021-1.jpg","width":1344,"height":1796},{"@type":"BreadcrumbList","@id":"https:\/\/www.scrschnaittach.de\/neu2013\/wordpress\/?p=1479#breadcrumb","itemListElement":[{"@type":"ListItem","position":1,"name":"Startseite","item":"https:\/\/www.scrschnaittach.de\/neu2013\/wordpress\/"},{"@type":"ListItem","position":2,"name":"Wanderung am 4. Juli 2021"}]},{"@type":"WebSite","@id":"https:\/\/www.scrschnaittach.de\/neu2013\/wordpress\/#website","url":"https:\/\/www.scrschnaittach.de\/neu2013\/wordpress\/","name":"SCR-Schnaittach","description":"Skiing - Cycling - Running","publisher":{"@id":"https:\/\/www.scrschnaittach.de\/neu2013\/wordpress\/#organization"},"potentialAction":[{"@type":"SearchAction","target":{"@type":"EntryPoint","urlTemplate":"https:\/\/www.scrschnaittach.de\/neu2013\/wordpress\/?s={search_term_string}"},"query-input":{"@type":"PropertyValueSpecification","valueRequired":true,"valueName":"search_term_string"}}],"inLanguage":"de"},{"@type":"Organization","@id":"https:\/\/www.scrschnaittach.de\/neu2013\/wordpress\/#organization","name":"SCR-Schnaittach","url":"https:\/\/www.scrschnaittach.de\/neu2013\/wordpress\/","logo":{"@type":"ImageObject","inLanguage":"de","@id":"https:\/\/www.scrschnaittach.de\/neu2013\/wordpress\/#\/schema\/logo\/image\/","url":"https:\/\/www.scrschnaittach.de\/neu2013\/wordpress\/wp-content\/uploads\/2022\/12\/scrlogo.png","contentUrl":"https:\/\/www.scrschnaittach.de\/neu2013\/wordpress\/wp-content\/uploads\/2022\/12\/scrlogo.png","width":77,"height":90,"caption":"SCR-Schnaittach"},"image":{"@id":"https:\/\/www.scrschnaittach.de\/neu2013\/wordpress\/#\/schema\/logo\/image\/"},"sameAs":["https:\/\/www.facebook.com\/SCRSchnaittach"]},{"@type":"Person","@id":"https:\/\/www.scrschnaittach.de\/neu2013\/wordpress\/#\/schema\/person\/88caa89943dfb0ff03d735bae5abf3da","name":"Bruno Schmidt","image":{"@type":"ImageObject","inLanguage":"de","@id":"https:\/\/secure.gravatar.com\/avatar\/aa4fcb7e39c8b496b9c7856452a326e91c2f0cb87e9ce0043333074798749a1d?s=96&d=mm&r=g","url":"https:\/\/secure.gravatar.com\/avatar\/aa4fcb7e39c8b496b9c7856452a326e91c2f0cb87e9ce0043333074798749a1d?s=96&d=mm&r=g","contentUrl":"https:\/\/secure.gravatar.com\/avatar\/aa4fcb7e39c8b496b9c7856452a326e91c2f0cb87e9ce0043333074798749a1d?s=96&d=mm&r=g","caption":"Bruno Schmidt"},"url":"https:\/\/www.scrschnaittach.de\/neu2013\/wordpress\/?author=8"}]}},"_links":{"self":[{"href":"https:\/\/www.scrschnaittach.de\/neu2013\/wordpress\/index.php?rest_route=\/wp\/v2\/posts\/1479","targetHints":{"allow":["GET"]}}],"collection":[{"href":"https:\/\/www.scrschnaittach.de\/neu2013\/wordpress\/index.php?rest_route=\/wp\/v2\/posts"}],"about":[{"href":"https:\/\/www.scrschnaittach.de\/neu2013\/wordpress\/index.php?rest_route=\/wp\/v2\/types\/post"}],"author":[{"embeddable":true,"href":"https:\/\/www.scrschnaittach.de\/neu2013\/wordpress\/index.php?rest_route=\/wp\/v2\/users\/8"}],"replies":[{"embeddable":true,"href":"https:\/\/www.scrschnaittach.de\/neu2013\/wordpress\/index.php?rest_route=%2Fwp%2Fv2%2Fcomments&post=1479"}],"version-history":[{"count":3,"href":"https:\/\/www.scrschnaittach.de\/neu2013\/wordpress\/index.php?rest_route=\/wp\/v2\/posts\/1479\/revisions"}],"predecessor-version":[{"id":1487,"href":"https:\/\/www.scrschnaittach.de\/neu2013\/wordpress\/index.php?rest_route=\/wp\/v2\/posts\/1479\/revisions\/1487"}],"wp:attachment":[{"href":"https:\/\/www.scrschnaittach.de\/neu2013\/wordpress\/index.php?rest_route=%2Fwp%2Fv2%2Fmedia&parent=1479"}],"wp:term":[{"taxonomy":"category","embeddable":true,"href":"https:\/\/www.scrschnaittach.de\/neu2013\/wordpress\/index.php?rest_route=%2Fwp%2Fv2%2Fcategories&post=1479"},{"taxonomy":"post_tag","embeddable":true,"href":"https:\/\/www.scrschnaittach.de\/neu2013\/wordpress\/index.php?rest_route=%2Fwp%2Fv2%2Ftags&post=1479"}],"curies":[{"name":"wp","href":"https:\/\/api.w.org\/{rel}","templated":true}]}}